{"id":17276,"date":"2020-04-19T20:29:23","date_gmt":"2020-04-19T18:29:23","guid":{"rendered":"https:\/\/www.laragazzacolmattarello.com\/?p=17276"},"modified":"2026-09-01T20:13:39","modified_gmt":"2026-09-01T18:13:39","slug":"pates-a-la-tomate-et-au-basilic-pasta-al-pomodoro-a-litalienne","status":"publish","type":"post","link":"https:\/\/www.laragazzacolmattarello.com\/fr\/pates-a-la-tomate-et-au-basilic-pasta-al-pomodoro-a-litalienne\/","title":{"rendered":"P\u00e2tes \u00e0 la tomate et au basilic (pasta al pomodoro \u00e0 l&rsquo;italienne)"},"content":{"rendered":"<p><img  title=\"P\u00e2tes \u00e0 la tomate et au basilic (pasta al pomodoro \u00e0 l&#039;italienne) ~ Premiers plats Recettes  ~ La ragazza col mattarello\" loading=\"lazy\" decoding=\"async\" class=\"alignnone wp-image-11742 size-full\" src=\"https:\/\/www.laragazzacolmattarello.com\/wp-content\/uploads\/2023\/11\/Pasta-con-tomate-y-albahaca-pasta-al-pomodoro-allitaliana-pasta-al-pomodoro-12.jpg\"  alt=\"P\u00e2tes \u00e0 la tomate et au basilic (pasta al pomodoro \u00e0 l&#039;italienne) ~ Premiers plats Recettes  ~ La ragazza col mattarello\"  width=\"1920\" height=\"1080\" srcset=\"https:\/\/www.laragazzacolmattarello.com\/wp-content\/uploads\/2023\/11\/Pasta-con-tomate-y-albahaca-pasta-al-pomodoro-allitaliana-pasta-al-pomodoro-12.jpg 1920w, https:\/\/www.laragazzacolmattarello.com\/wp-content\/uploads\/2023\/11\/Pasta-con-tomate-y-albahaca-pasta-al-pomodoro-allitaliana-pasta-al-pomodoro-12-768x432.jpg 768w, https:\/\/www.laragazzacolmattarello.com\/wp-content\/uploads\/2023\/11\/Pasta-con-tomate-y-albahaca-pasta-al-pomodoro-allitaliana-pasta-al-pomodoro-12-480x270.jpg 480w\" sizes=\"auto, (max-width: 1920px) 100vw, 1920px\" \/><\/p>\n<p>L&rsquo;une des recettes de p\u00e2tes les plus c\u00e9l\u00e8bres au monde est la pasta al pomodoro. Les spaghettis \u00e0 la tomate, les pr\u00e9f\u00e9r\u00e9s des enfants et l&rsquo;une des recettes les plus faciles \u00e0 pr\u00e9parer. Le seul secret r\u00e9side dans l&rsquo;utilisation de tomates de bonne qualit\u00e9, fra\u00eeches ou en conserve, et de basilic frais.<\/p>\n<p>&nbsp;<\/p>\n<div style=\"text-align: center;\"><div id=\"erdyt-6a97c866cfd61\" data-id=\"thbnFUJjpU8\" class=\"erd-youtube-responsive\" style=\"display:block;position:relative;clear:both;width:100%;max-width:100%;margin-left:auto;margin-right:auto;\"><div style=\"padding-bottom:56.25%;\"><div class=\"erd-ytplay\" id=\"erdytp-thbnFUJjpU8-6a97c866cfd61\" data-vid=\"thbnFUJjpU8\"   data-src=\"https:\/\/www.youtube.com\/embed\/thbnFUJjpU8?loop=1&#038;autoplay=1&#038;rel=0\" data-allowfullscreen=\"true\"><img  title=\"P\u00e2tes \u00e0 la tomate et au basilic (pasta al pomodoro \u00e0 l&#039;italienne) ~ Premiers plats Recettes  ~ La ragazza col mattarello\" decoding=\"async\" src=\"https:\/\/i.ytimg.com\/vi\/thbnFUJjpU8\/hqdefault.jpg\"  alt=\"P\u00e2tes \u00e0 la tomate et au basilic (pasta al pomodoro \u00e0 l&#039;italienne) ~ Premiers plats Recettes  ~ La ragazza col mattarello\"  \/><\/div><\/div><\/div><script type=\"application\/ld+json\">{\"@context\":\"https:\/\/schema.org\",\"@type\":\"VideoObject\",\"name\":\"P\u00e2tes \u00e0 la tomate et au basilic (pasta al pomodoro \u00e0 l&rsquo;italienne) - Video\",\"description\":\"Watch the video to discover all the details of the recipe.\",\"thumbnailUrl\":\"https:\/\/i.ytimg.com\/vi\/thbnFUJjpU8\/hqdefault.jpg\",\"uploadDate\":\"2020-04-19T20:29:23+02:00\",\"embedUrl\":\"https:\/\/www.youtube.com\/embed\/thbnFUJjpU8?loop=1&#038;autoplay=1&#038;rel=0\",\"contentUrl\":\"https:\/\/www.youtube.com\/watch?v=thbnFUJjpU8\",\"publisher\":{\"@type\":\"Organization\",\"name\":\"La ragazza col mattarello\",\"logo\":{\"@type\":\"ImageObject\",\"url\":\"https:\/\/www.laragazzacolmattarello.com\/wp-content\/uploads\/2019\/10\/la_ragazza_col_mattarello_192x192_PWA.png\",\"width\":192,\"height\":192}}}<\/script><\/div>\n<p>&nbsp;<\/p>\n<p>Normalement, la sauce al pomodoro typique est pr\u00e9par\u00e9e avec de la tomate r\u00e2p\u00e9e, de l&rsquo;huile d&rsquo;olive, du basilic et du sel. Je pr\u00e9f\u00e8re la pr\u00e9parer avec des tomates enti\u00e8res, car je n&rsquo;aime pas que la sauce soit trop homog\u00e8ne, mais choisissez vous-m\u00eames comment vous la pr\u00e9f\u00e9rez. Certains ajoutent \u00e9galement un peu d&rsquo;oignon hach\u00e9, du poivre, un peu de piment de Cayenne et, au moment de servir les p\u00e2tes, saupoudrent un peu de parmesan par-dessus. Tout est d\u00e9licieux, mais je vous ai propos\u00e9 la recette la plus pure et la plus classique, la super rouge.<\/p>\n<p><span style=\"color: #ff0000;\"><strong>Bon app\u00e9tit !<\/strong><\/span><\/p>\n<div style=\"text-align: center;\">\n<p><img  title=\"P\u00e2tes \u00e0 la tomate et au basilic (pasta al pomodoro \u00e0 l&#039;italienne) ~ Premiers plats Recettes  ~ La ragazza col mattarello\" loading=\"lazy\" decoding=\"async\" class=\"alignnone wp-image-11739 size-full\" src=\"https:\/\/www.laragazzacolmattarello.com\/wp-content\/uploads\/2023\/11\/Pasta-con-tomate-y-albahaca-pasta-al-pomodoro-allitaliana-pasta-al-pomodoro-11.jpg\"  alt=\"P\u00e2tes \u00e0 la tomate et au basilic (pasta al pomodoro \u00e0 l&#039;italienne) ~ Premiers plats Recettes  ~ La ragazza col mattarello\"  width=\"1920\" height=\"1080\" srcset=\"https:\/\/www.laragazzacolmattarello.com\/wp-content\/uploads\/2023\/11\/Pasta-con-tomate-y-albahaca-pasta-al-pomodoro-allitaliana-pasta-al-pomodoro-11.jpg 1920w, https:\/\/www.laragazzacolmattarello.com\/wp-content\/uploads\/2023\/11\/Pasta-con-tomate-y-albahaca-pasta-al-pomodoro-allitaliana-pasta-al-pomodoro-11-768x432.jpg 768w, https:\/\/www.laragazzacolmattarello.com\/wp-content\/uploads\/2023\/11\/Pasta-con-tomate-y-albahaca-pasta-al-pomodoro-allitaliana-pasta-al-pomodoro-11-480x270.jpg 480w\" sizes=\"auto, (max-width: 1920px) 100vw, 1920px\" \/><\/p>\n<p><img  title=\"P\u00e2tes \u00e0 la tomate et au basilic (pasta al pomodoro \u00e0 l&#039;italienne) ~ Premiers plats Recettes  ~ La ragazza col mattarello\" loading=\"lazy\" decoding=\"async\" class=\"alignnone wp-image-11736 size-full\" src=\"https:\/\/www.laragazzacolmattarello.com\/wp-content\/uploads\/2023\/11\/Pasta-con-tomate-y-albahaca-pasta-al-pomodoro-allitaliana-pasta-al-pomodoro-10.jpg\"  alt=\"P\u00e2tes \u00e0 la tomate et au basilic (pasta al pomodoro \u00e0 l&#039;italienne) ~ Premiers plats Recettes  ~ La ragazza col mattarello\"  width=\"1920\" height=\"1080\" srcset=\"https:\/\/www.laragazzacolmattarello.com\/wp-content\/uploads\/2023\/11\/Pasta-con-tomate-y-albahaca-pasta-al-pomodoro-allitaliana-pasta-al-pomodoro-10.jpg 1920w, https:\/\/www.laragazzacolmattarello.com\/wp-content\/uploads\/2023\/11\/Pasta-con-tomate-y-albahaca-pasta-al-pomodoro-allitaliana-pasta-al-pomodoro-10-768x432.jpg 768w, https:\/\/www.laragazzacolmattarello.com\/wp-content\/uploads\/2023\/11\/Pasta-con-tomate-y-albahaca-pasta-al-pomodoro-allitaliana-pasta-al-pomodoro-10-480x270.jpg 480w\" sizes=\"auto, (max-width: 1920px) 100vw, 1920px\" \/><\/p>\n<p><img  title=\"P\u00e2tes \u00e0 la tomate et au basilic (pasta al pomodoro \u00e0 l&#039;italienne) ~ Premiers plats Recettes  ~ La ragazza col mattarello\" loading=\"lazy\" decoding=\"async\" class=\"alignnone wp-image-11733 size-full\" src=\"https:\/\/www.laragazzacolmattarello.com\/wp-content\/uploads\/2023\/11\/Pasta-con-tomate-y-albahaca-pasta-al-pomodoro-allitaliana-pasta-al-pomodoro-9.jpg\"  alt=\"P\u00e2tes \u00e0 la tomate et au basilic (pasta al pomodoro \u00e0 l&#039;italienne) ~ Premiers plats Recettes  ~ La ragazza col mattarello\"  width=\"1920\" height=\"1080\" srcset=\"https:\/\/www.laragazzacolmattarello.com\/wp-content\/uploads\/2023\/11\/Pasta-con-tomate-y-albahaca-pasta-al-pomodoro-allitaliana-pasta-al-pomodoro-9.jpg 1920w, https:\/\/www.laragazzacolmattarello.com\/wp-content\/uploads\/2023\/11\/Pasta-con-tomate-y-albahaca-pasta-al-pomodoro-allitaliana-pasta-al-pomodoro-9-768x432.jpg 768w, https:\/\/www.laragazzacolmattarello.com\/wp-content\/uploads\/2023\/11\/Pasta-con-tomate-y-albahaca-pasta-al-pomodoro-allitaliana-pasta-al-pomodoro-9-480x270.jpg 480w\" sizes=\"auto, (max-width: 1920px) 100vw, 1920px\" \/><\/p>\n<p><img  title=\"P\u00e2tes \u00e0 la tomate et au basilic (pasta al pomodoro \u00e0 l&#039;italienne) ~ Premiers plats Recettes  ~ La ragazza col mattarello\" loading=\"lazy\" decoding=\"async\" class=\"alignnone wp-image-11730 size-full\" src=\"https:\/\/www.laragazzacolmattarello.com\/wp-content\/uploads\/2023\/11\/Pasta-con-tomate-y-albahaca-pasta-al-pomodoro-allitaliana-pasta-al-pomodoro-8.jpg\"  alt=\"P\u00e2tes \u00e0 la tomate et au basilic (pasta al pomodoro \u00e0 l&#039;italienne) ~ Premiers plats Recettes  ~ La ragazza col mattarello\"  width=\"1920\" height=\"1080\" srcset=\"https:\/\/www.laragazzacolmattarello.com\/wp-content\/uploads\/2023\/11\/Pasta-con-tomate-y-albahaca-pasta-al-pomodoro-allitaliana-pasta-al-pomodoro-8.jpg 1920w, https:\/\/www.laragazzacolmattarello.com\/wp-content\/uploads\/2023\/11\/Pasta-con-tomate-y-albahaca-pasta-al-pomodoro-allitaliana-pasta-al-pomodoro-8-768x432.jpg 768w, https:\/\/www.laragazzacolmattarello.com\/wp-content\/uploads\/2023\/11\/Pasta-con-tomate-y-albahaca-pasta-al-pomodoro-allitaliana-pasta-al-pomodoro-8-480x270.jpg 480w\" sizes=\"auto, (max-width: 1920px) 100vw, 1920px\" \/><\/p>\n<p><img  title=\"P\u00e2tes \u00e0 la tomate et au basilic (pasta al pomodoro \u00e0 l&#039;italienne) ~ Premiers plats Recettes  ~ La ragazza col mattarello\" loading=\"lazy\" decoding=\"async\" class=\"alignnone wp-image-11727 size-full\" src=\"https:\/\/www.laragazzacolmattarello.com\/wp-content\/uploads\/2023\/11\/Pasta-con-tomate-y-albahaca-pasta-al-pomodoro-allitaliana-pasta-al-pomodoro-7.jpg\"  alt=\"P\u00e2tes \u00e0 la tomate et au basilic (pasta al pomodoro \u00e0 l&#039;italienne) ~ Premiers plats Recettes  ~ La ragazza col mattarello\"  width=\"1920\" height=\"1080\" srcset=\"https:\/\/www.laragazzacolmattarello.com\/wp-content\/uploads\/2023\/11\/Pasta-con-tomate-y-albahaca-pasta-al-pomodoro-allitaliana-pasta-al-pomodoro-7.jpg 1920w, https:\/\/www.laragazzacolmattarello.com\/wp-content\/uploads\/2023\/11\/Pasta-con-tomate-y-albahaca-pasta-al-pomodoro-allitaliana-pasta-al-pomodoro-7-768x432.jpg 768w, https:\/\/www.laragazzacolmattarello.com\/wp-content\/uploads\/2023\/11\/Pasta-con-tomate-y-albahaca-pasta-al-pomodoro-allitaliana-pasta-al-pomodoro-7-480x270.jpg 480w\" sizes=\"auto, (max-width: 1920px) 100vw, 1920px\" \/><\/p>\n<p><img  title=\"P\u00e2tes \u00e0 la tomate et au basilic (pasta al pomodoro \u00e0 l&#039;italienne) ~ Premiers plats Recettes  ~ La ragazza col mattarello\" loading=\"lazy\" decoding=\"async\" class=\"alignnone wp-image-11724 size-full\" src=\"https:\/\/www.laragazzacolmattarello.com\/wp-content\/uploads\/2023\/11\/Pasta-con-tomate-y-albahaca-pasta-al-pomodoro-allitaliana-pasta-al-pomodoro-6.jpg\"  alt=\"P\u00e2tes \u00e0 la tomate et au basilic (pasta al pomodoro \u00e0 l&#039;italienne) ~ Premiers plats Recettes  ~ La ragazza col mattarello\"  width=\"1920\" height=\"1080\" srcset=\"https:\/\/www.laragazzacolmattarello.com\/wp-content\/uploads\/2023\/11\/Pasta-con-tomate-y-albahaca-pasta-al-pomodoro-allitaliana-pasta-al-pomodoro-6.jpg 1920w, https:\/\/www.laragazzacolmattarello.com\/wp-content\/uploads\/2023\/11\/Pasta-con-tomate-y-albahaca-pasta-al-pomodoro-allitaliana-pasta-al-pomodoro-6-768x432.jpg 768w, https:\/\/www.laragazzacolmattarello.com\/wp-content\/uploads\/2023\/11\/Pasta-con-tomate-y-albahaca-pasta-al-pomodoro-allitaliana-pasta-al-pomodoro-6-480x270.jpg 480w\" sizes=\"auto, (max-width: 1920px) 100vw, 1920px\" \/><\/p>\n<p><img  title=\"P\u00e2tes \u00e0 la tomate et au basilic (pasta al pomodoro \u00e0 l&#039;italienne) ~ Premiers plats Recettes  ~ La ragazza col mattarello\" loading=\"lazy\" decoding=\"async\" class=\"alignnone wp-image-11721 size-full\" src=\"https:\/\/www.laragazzacolmattarello.com\/wp-content\/uploads\/2023\/11\/Pasta-con-tomate-y-albahaca-pasta-al-pomodoro-allitaliana-pasta-al-pomodoro-5.jpg\"  alt=\"P\u00e2tes \u00e0 la tomate et au basilic (pasta al pomodoro \u00e0 l&#039;italienne) ~ Premiers plats Recettes  ~ La ragazza col mattarello\"  width=\"1920\" height=\"1080\" srcset=\"https:\/\/www.laragazzacolmattarello.com\/wp-content\/uploads\/2023\/11\/Pasta-con-tomate-y-albahaca-pasta-al-pomodoro-allitaliana-pasta-al-pomodoro-5.jpg 1920w, https:\/\/www.laragazzacolmattarello.com\/wp-content\/uploads\/2023\/11\/Pasta-con-tomate-y-albahaca-pasta-al-pomodoro-allitaliana-pasta-al-pomodoro-5-768x432.jpg 768w, https:\/\/www.laragazzacolmattarello.com\/wp-content\/uploads\/2023\/11\/Pasta-con-tomate-y-albahaca-pasta-al-pomodoro-allitaliana-pasta-al-pomodoro-5-480x270.jpg 480w\" sizes=\"auto, (max-width: 1920px) 100vw, 1920px\" \/><\/p>\n<p><img  title=\"P\u00e2tes \u00e0 la tomate et au basilic (pasta al pomodoro \u00e0 l&#039;italienne) ~ Premiers plats Recettes  ~ La ragazza col mattarello\" loading=\"lazy\" decoding=\"async\" class=\"alignnone wp-image-11718 size-full\" src=\"https:\/\/www.laragazzacolmattarello.com\/wp-content\/uploads\/2023\/11\/Pasta-con-tomate-y-albahaca-pasta-al-pomodoro-allitaliana-pasta-al-pomodoro-4.jpg\"  alt=\"P\u00e2tes \u00e0 la tomate et au basilic (pasta al pomodoro \u00e0 l&#039;italienne) ~ Premiers plats Recettes  ~ La ragazza col mattarello\"  width=\"1920\" height=\"1080\" srcset=\"https:\/\/www.laragazzacolmattarello.com\/wp-content\/uploads\/2023\/11\/Pasta-con-tomate-y-albahaca-pasta-al-pomodoro-allitaliana-pasta-al-pomodoro-4.jpg 1920w, https:\/\/www.laragazzacolmattarello.com\/wp-content\/uploads\/2023\/11\/Pasta-con-tomate-y-albahaca-pasta-al-pomodoro-allitaliana-pasta-al-pomodoro-4-768x432.jpg 768w, https:\/\/www.laragazzacolmattarello.com\/wp-content\/uploads\/2023\/11\/Pasta-con-tomate-y-albahaca-pasta-al-pomodoro-allitaliana-pasta-al-pomodoro-4-480x270.jpg 480w\" sizes=\"auto, (max-width: 1920px) 100vw, 1920px\" \/><\/p>\n<p><img  title=\"P\u00e2tes \u00e0 la tomate et au basilic (pasta al pomodoro \u00e0 l&#039;italienne) ~ Premiers plats Recettes  ~ La ragazza col mattarello\" loading=\"lazy\" decoding=\"async\" class=\"alignnone wp-image-11715 size-full\" src=\"https:\/\/www.laragazzacolmattarello.com\/wp-content\/uploads\/2023\/11\/Pasta-con-tomate-y-albahaca-pasta-al-pomodoro-allitaliana-pasta-al-pomodoro-3.jpg\"  alt=\"P\u00e2tes \u00e0 la tomate et au basilic (pasta al pomodoro \u00e0 l&#039;italienne) ~ Premiers plats Recettes  ~ La ragazza col mattarello\"  width=\"1920\" height=\"1080\" srcset=\"https:\/\/www.laragazzacolmattarello.com\/wp-content\/uploads\/2023\/11\/Pasta-con-tomate-y-albahaca-pasta-al-pomodoro-allitaliana-pasta-al-pomodoro-3.jpg 1920w, https:\/\/www.laragazzacolmattarello.com\/wp-content\/uploads\/2023\/11\/Pasta-con-tomate-y-albahaca-pasta-al-pomodoro-allitaliana-pasta-al-pomodoro-3-768x432.jpg 768w, https:\/\/www.laragazzacolmattarello.com\/wp-content\/uploads\/2023\/11\/Pasta-con-tomate-y-albahaca-pasta-al-pomodoro-allitaliana-pasta-al-pomodoro-3-480x270.jpg 480w\" sizes=\"auto, (max-width: 1920px) 100vw, 1920px\" \/><\/p>\n<p><img  title=\"P\u00e2tes \u00e0 la tomate et au basilic (pasta al pomodoro \u00e0 l&#039;italienne) ~ Premiers plats Recettes  ~ La ragazza col mattarello\" loading=\"lazy\" decoding=\"async\" class=\"alignnone wp-image-11748 size-full\" src=\"https:\/\/www.laragazzacolmattarello.com\/wp-content\/uploads\/2023\/11\/Pasta-con-tomate-y-albahaca-pasta-al-pomodoro-allitaliana-pasta-al-pomodoro-2.jpg\"  alt=\"P\u00e2tes \u00e0 la tomate et au basilic (pasta al pomodoro \u00e0 l&#039;italienne) ~ Premiers plats Recettes  ~ La ragazza col mattarello\"  width=\"1920\" height=\"1080\" srcset=\"https:\/\/www.laragazzacolmattarello.com\/wp-content\/uploads\/2023\/11\/Pasta-con-tomate-y-albahaca-pasta-al-pomodoro-allitaliana-pasta-al-pomodoro-2.jpg 1920w, https:\/\/www.laragazzacolmattarello.com\/wp-content\/uploads\/2023\/11\/Pasta-con-tomate-y-albahaca-pasta-al-pomodoro-allitaliana-pasta-al-pomodoro-2-768x432.jpg 768w, https:\/\/www.laragazzacolmattarello.com\/wp-content\/uploads\/2023\/11\/Pasta-con-tomate-y-albahaca-pasta-al-pomodoro-allitaliana-pasta-al-pomodoro-2-480x270.jpg 480w\" sizes=\"auto, (max-width: 1920px) 100vw, 1920px\" \/><\/p>\n<p><img  title=\"P\u00e2tes \u00e0 la tomate et au basilic (pasta al pomodoro \u00e0 l&#039;italienne) ~ Premiers plats Recettes  ~ La ragazza col mattarello\" loading=\"lazy\" decoding=\"async\" class=\"alignnone wp-image-11745 size-full\" src=\"https:\/\/www.laragazzacolmattarello.com\/wp-content\/uploads\/2023\/11\/Pasta-con-tomate-y-albahaca-pasta-al-pomodoro-allitaliana-pasta-al-pomodoro-1.jpg\"  alt=\"P\u00e2tes \u00e0 la tomate et au basilic (pasta al pomodoro \u00e0 l&#039;italienne) ~ Premiers plats Recettes  ~ La ragazza col mattarello\"  width=\"1920\" height=\"1080\" srcset=\"https:\/\/www.laragazzacolmattarello.com\/wp-content\/uploads\/2023\/11\/Pasta-con-tomate-y-albahaca-pasta-al-pomodoro-allitaliana-pasta-al-pomodoro-1.jpg 1920w, https:\/\/www.laragazzacolmattarello.com\/wp-content\/uploads\/2023\/11\/Pasta-con-tomate-y-albahaca-pasta-al-pomodoro-allitaliana-pasta-al-pomodoro-1-768x432.jpg 768w, https:\/\/www.laragazzacolmattarello.com\/wp-content\/uploads\/2023\/11\/Pasta-con-tomate-y-albahaca-pasta-al-pomodoro-allitaliana-pasta-al-pomodoro-1-480x270.jpg 480w\" sizes=\"auto, (max-width: 1920px) 100vw, 1920px\" \/><\/p>\n<\/div>\n<hr><div class=\"videobox\"><h3>Visit my YouTube channel<\/h3>If you haven't already, I invite you to subscribe to my <a href=\"https:\/\/www.laragazzacolmattarello.com\/me\/youtubewp\"><strong>YouTube channel<\/strong><\/a> so you don't miss any new recipes.<br>\n        <strong>Don't forget to follow me on <a href=\"https:\/\/www.laragazzacolmattarello.com\/me\/igwp\" target=\"_new\" rel=\"noopener\">Instagram<\/a>!<\/strong> There I share more recipes, tips, and special content for Italian food lovers.<div class=\"row\">\n        <div class=\"col-xs-12 centertext vspaced\">\n            <h3>The latest video recipes from my channel!<\/h3>\n\n<div id=\"sb_youtube_sbyUCkrxY67wU2ZtStSZsNLPZnw3\"\n\trole=\"region\"\n\taria-label=\"YouTube videos\"\n\t class=\"sb_youtube sby_layout_gallery sby_col_3 sby_mob_col_1 sby_palette_custom  sby_width_resp\"\tdata-feedid=\"sby_UCkrxY67wU2ZtStSZsNLPZnw#3\"\n\tdata-shortcode-atts=\"{&quot;feed&quot;:&quot;2&quot;}\" \n\tdata-cols=\"3\" \n\tdata-colsmobile=\"1\" \n\tdata-num=\"3\" \n\tdata-nummobile=\"3\" \n\tdata-channel-subscribers=\"3.4K subscribers\"\tdata-subscribe-btn=\"1\" \n\tdata-subscribe-btn-text=\"Youtube\" \n\tdata_channel_header_colors =\"{&quot;channelName&quot;:&quot;&quot;,&quot;subscribeCount&quot;:&quot;&quot;,&quot;buttonBackground&quot;:&quot;&quot;,&quot;buttonText&quot;:&quot;&quot;}\"\n\t data-sby-flags=\"resizeDisable\" data-postid=\"17276\" \n\t data-videocardlayout=\"vertical\" \n>\n\t    <div id=\"sby_player_VVVrcnhZNjd3VTJadFN0U1pzTkxQWm53LlY5TzN4ZkE5NlhR\" class=\"sby_player_outer_wrap sby_player_item\"  style=\"padding: 15px;padding-bottom: 0;\">\n    <div class=\"sby_video_thumbnail_wrap\">\n        <a class=\"sby_video_thumbnail sby_player_video_thumbnail\" href=\"https:\/\/www.youtube.com\/watch?v=V9O3xfA96XQ\" target=\"_blank\" rel=\"noopener\" data-full-res=\"https:\/\/i.ytimg.com\/vi\/V9O3xfA96XQ\/maxresdefault.jpg\" data-img-src-set=\"{&quot;120&quot;:&quot;https:\\\/\\\/i.ytimg.com\\\/vi\\\/V9O3xfA96XQ\\\/default.jpg&quot;,&quot;320&quot;:&quot;https:\\\/\\\/i.ytimg.com\\\/vi\\\/V9O3xfA96XQ\\\/mqdefault.jpg&quot;,&quot;480&quot;:&quot;https:\\\/\\\/i.ytimg.com\\\/vi\\\/V9O3xfA96XQ\\\/hqdefault.jpg&quot;,&quot;640&quot;:&quot;https:\\\/\\\/i.ytimg.com\\\/vi\\\/V9O3xfA96XQ\\\/sddefault.jpg&quot;}\" data-video-id=\"V9O3xfA96XQ\">\n            <span class=\"sby-screenreader\">#Ensalada pantesca: la ensalada de #patata #tradicional #italiana y... \u00a1sin gastar un #dineral! \ud83e\udd54\ud83c\uddee\ud83c\uddf9\u2728<\/span>\n            <img  title=\"P\u00e2tes \u00e0 la tomate et au basilic (pasta al pomodoro \u00e0 l&#039;italienne) ~ Premiers plats Recettes  ~ La ragazza col mattarello\" decoding=\"async\" src=\"https:\/\/www.laragazzacolmattarello.com\/wp-content\/plugins\/feeds-for-youtube\/img\/placeholder.png\"  alt=\"P\u00e2tes \u00e0 la tomate et au basilic (pasta al pomodoro \u00e0 l&#039;italienne) ~ Premiers plats Recettes  ~ La ragazza col mattarello\" >\n            <span class=\"sby_loader sby_hidden\" style=\"background-color: rgb(255, 255, 255);\"><\/span>\n        <\/a>\n                    <div class=\"sby_play_btn\">\n            <svg aria-hidden=\"true\" focusable=\"false\" data-prefix=\"fab\" data-icon=\"youtube\" role=\"img\" xmlns=\"http:\/\/www.w3.org\/2000\/svg\" viewBox=\"0 0 576 512\" class=\"svg-inline--fa fa-youtube fa-w-18\"><path fill=\"currentColor\" d=\"M549.655 124.083c-6.281-23.65-24.787-42.276-48.284-48.597C458.781 64 288 64 288 64S117.22 64 74.629 75.486c-23.497 6.322-42.003 24.947-48.284 48.597-11.412 42.867-11.412 132.305-11.412 132.305s0 89.438 11.412 132.305c6.281 23.65 24.787 41.5 48.284 47.821C117.22 448 288 448 288 448s170.78 0 213.371-11.486c23.497-6.321 42.003-24.171 48.284-47.821 11.412-42.867 11.412-132.305 11.412-132.305s0-89.438-11.412-132.305zm-317.51 213.508V175.185l142.739 81.205-142.739 81.201z\" class=\"\"><\/path><\/svg>                <span class=\"sby_play_btn_bg\"><\/span>\n            <\/div>\n                <div class=\"sby_player_wrap\">\n            <div class=\"sby_player\"><\/div>\n        <\/div>\n    <\/div>\n<\/div>\n    <div class=\"sby_items_wrap\" role=\"list\" style=\"padding: 15px;\">\n\t\t<div class=\"sby_item  sby_new sby_transition\" role=\"listitem\" id=\"sby_VVVrcnhZNjd3VTJadFN0U1pzTkxQWm53LlY5TzN4ZkE5NlhR\" data-date=\"1788098717\" data-video-id=\"V9O3xfA96XQ\">\n    <div class=\"sby_inner_item\">\n        <div class=\"sby_video_thumbnail_wrap sby_item_video_thumbnail_wrap\">\n            <a class=\"sby_video_thumbnail sby_item_video_thumbnail\" href=\"https:\/\/www.youtube.com\/watch?v=V9O3xfA96XQ\" target=\"_blank\" rel=\"noopener\" data-full-res=\"https:\/\/i.ytimg.com\/vi\/V9O3xfA96XQ\/maxresdefault.jpg\" data-img-src-set=\"{&quot;120&quot;:&quot;https:\\\/\\\/i.ytimg.com\\\/vi\\\/V9O3xfA96XQ\\\/default.jpg&quot;,&quot;320&quot;:&quot;https:\\\/\\\/i.ytimg.com\\\/vi\\\/V9O3xfA96XQ\\\/mqdefault.jpg&quot;,&quot;480&quot;:&quot;https:\\\/\\\/i.ytimg.com\\\/vi\\\/V9O3xfA96XQ\\\/hqdefault.jpg&quot;,&quot;640&quot;:&quot;https:\\\/\\\/i.ytimg.com\\\/vi\\\/V9O3xfA96XQ\\\/sddefault.jpg&quot;}\" data-video-id=\"V9O3xfA96XQ\" data-video-title=\"#Ensalada pantesca: la ensalada de #patata #tradicional #italiana y... \u00a1sin gastar un #dineral! \ud83e\udd54\ud83c\uddee\ud83c\uddf9\u2728\">\n                <img  title=\"P\u00e2tes \u00e0 la tomate et au basilic (pasta al pomodoro \u00e0 l&#039;italienne) ~ Premiers plats Recettes  ~ La ragazza col mattarello\" decoding=\"async\" src=\"https:\/\/www.laragazzacolmattarello.com\/wp-content\/plugins\/feeds-for-youtube\/img\/placeholder.png\"  alt=\"P\u00e2tes \u00e0 la tomate et au basilic (pasta al pomodoro \u00e0 l&#039;italienne) ~ Premiers plats Recettes  ~ La ragazza col mattarello\" >\n\n                <div class=\"sby_thumbnail_hover sby_item_video_thumbnail_hover\">\n                    <div class=\"sby_thumbnail_hover_inner\">\n                                                    <span class=\"sby_video_title\" role=\"heading\" aria-level=\"3\" >#Ensalada pantesca: la ensalada de #patata #tradicional #italiana y... \u00a1sin gastar un #dineral! \ud83e\udd54\ud83c\uddee\ud83c\uddf9\u2728<\/span>\n                                            <\/div>\n                <\/div>\n\n                                    <div class=\"sby_play_btn\" >\n                        <span class=\"sby_play_btn_bg\"><\/span>\n                        <svg aria-hidden=\"true\" focusable=\"false\" data-prefix=\"fab\" data-icon=\"youtube\" role=\"img\" xmlns=\"http:\/\/www.w3.org\/2000\/svg\" viewBox=\"0 0 576 512\" class=\"svg-inline--fa fa-youtube fa-w-18\"><path fill=\"currentColor\" d=\"M549.655 124.083c-6.281-23.65-24.787-42.276-48.284-48.597C458.781 64 288 64 288 64S117.22 64 74.629 75.486c-23.497 6.322-42.003 24.947-48.284 48.597-11.412 42.867-11.412 132.305-11.412 132.305s0 89.438 11.412 132.305c6.281 23.65 24.787 41.5 48.284 47.821C117.22 448 288 448 288 448s170.78 0 213.371-11.486c23.497-6.321 42.003-24.171 48.284-47.821 11.412-42.867 11.412-132.305 11.412-132.305s0-89.438-11.412-132.305zm-317.51 213.508V175.185l142.739 81.205-142.739 81.201z\" class=\"\"><\/path><\/svg>                    <\/div>\n                                <span class=\"sby_loader sby_hidden\" style=\"background-color: rgb(255, 255, 255);\"><\/span>\n            <\/a>\n\n                    <\/div>\n    <\/div>\n<\/div><div class=\"sby_item  sby_new sby_transition\" role=\"listitem\" id=\"sby_VVVrcnhZNjd3VTJadFN0U1pzTkxQWm53Ll9uMjh2cTBWakRz\" data-date=\"1787321424\" data-video-id=\"_n28vq0VjDs\">\n    <div class=\"sby_inner_item\">\n        <div class=\"sby_video_thumbnail_wrap sby_item_video_thumbnail_wrap\">\n            <a class=\"sby_video_thumbnail sby_item_video_thumbnail\" href=\"https:\/\/www.youtube.com\/watch?v=_n28vq0VjDs\" target=\"_blank\" rel=\"noopener\" data-full-res=\"https:\/\/i.ytimg.com\/vi\/_n28vq0VjDs\/maxresdefault.jpg\" data-img-src-set=\"{&quot;120&quot;:&quot;https:\\\/\\\/i.ytimg.com\\\/vi\\\/_n28vq0VjDs\\\/default.jpg&quot;,&quot;320&quot;:&quot;https:\\\/\\\/i.ytimg.com\\\/vi\\\/_n28vq0VjDs\\\/mqdefault.jpg&quot;,&quot;480&quot;:&quot;https:\\\/\\\/i.ytimg.com\\\/vi\\\/_n28vq0VjDs\\\/hqdefault.jpg&quot;,&quot;640&quot;:&quot;https:\\\/\\\/i.ytimg.com\\\/vi\\\/_n28vq0VjDs\\\/sddefault.jpg&quot;}\" data-video-id=\"_n28vq0VjDs\" data-video-title=\"Pasta fr\u00eda con #salm\u00f3n \ud83c\udf5d La #ENSALADA de #pasta m\u00e1s #FRESCA y #SABROSA del  #verano \ud83e\udd52\ud83c\udf4b #recetafacil\">\n                <img  title=\"P\u00e2tes \u00e0 la tomate et au basilic (pasta al pomodoro \u00e0 l&#039;italienne) ~ Premiers plats Recettes  ~ La ragazza col mattarello\" decoding=\"async\" src=\"https:\/\/www.laragazzacolmattarello.com\/wp-content\/plugins\/feeds-for-youtube\/img\/placeholder.png\"  alt=\"P\u00e2tes \u00e0 la tomate et au basilic (pasta al pomodoro \u00e0 l&#039;italienne) ~ Premiers plats Recettes  ~ La ragazza col mattarello\" >\n\n                <div class=\"sby_thumbnail_hover sby_item_video_thumbnail_hover\">\n                    <div class=\"sby_thumbnail_hover_inner\">\n                                                    <span class=\"sby_video_title\" role=\"heading\" aria-level=\"3\" >Pasta fr\u00eda con #salm\u00f3n \ud83c\udf5d La #ENSALADA de #pasta m\u00e1s #FRESCA y #SABROSA del  #verano \ud83e\udd52\ud83c\udf4b #recetafacil<\/span>\n                                            <\/div>\n                <\/div>\n\n                                    <div class=\"sby_play_btn\" >\n                        <span class=\"sby_play_btn_bg\"><\/span>\n                        <svg aria-hidden=\"true\" focusable=\"false\" data-prefix=\"fab\" data-icon=\"youtube\" role=\"img\" xmlns=\"http:\/\/www.w3.org\/2000\/svg\" viewBox=\"0 0 576 512\" class=\"svg-inline--fa fa-youtube fa-w-18\"><path fill=\"currentColor\" d=\"M549.655 124.083c-6.281-23.65-24.787-42.276-48.284-48.597C458.781 64 288 64 288 64S117.22 64 74.629 75.486c-23.497 6.322-42.003 24.947-48.284 48.597-11.412 42.867-11.412 132.305-11.412 132.305s0 89.438 11.412 132.305c6.281 23.65 24.787 41.5 48.284 47.821C117.22 448 288 448 288 448s170.78 0 213.371-11.486c23.497-6.321 42.003-24.171 48.284-47.821 11.412-42.867 11.412-132.305 11.412-132.305s0-89.438-11.412-132.305zm-317.51 213.508V175.185l142.739 81.205-142.739 81.201z\" class=\"\"><\/path><\/svg>                    <\/div>\n                                <span class=\"sby_loader sby_hidden\" style=\"background-color: rgb(255, 255, 255);\"><\/span>\n            <\/a>\n\n                    <\/div>\n    <\/div>\n<\/div><div class=\"sby_item  sby_new sby_transition\" role=\"listitem\" id=\"sby_VVVrcnhZNjd3VTJadFN0U1pzTkxQWm53LnYwMTlkUXVWOFR3\" data-date=\"1786735852\" data-video-id=\"v019dQuV8Tw\">\n    <div class=\"sby_inner_item\">\n        <div class=\"sby_video_thumbnail_wrap sby_item_video_thumbnail_wrap\">\n            <a class=\"sby_video_thumbnail sby_item_video_thumbnail\" href=\"https:\/\/www.youtube.com\/watch?v=v019dQuV8Tw\" target=\"_blank\" rel=\"noopener\" data-full-res=\"https:\/\/i.ytimg.com\/vi\/v019dQuV8Tw\/maxresdefault.jpg\" data-img-src-set=\"{&quot;120&quot;:&quot;https:\\\/\\\/i.ytimg.com\\\/vi\\\/v019dQuV8Tw\\\/default.jpg&quot;,&quot;320&quot;:&quot;https:\\\/\\\/i.ytimg.com\\\/vi\\\/v019dQuV8Tw\\\/mqdefault.jpg&quot;,&quot;480&quot;:&quot;https:\\\/\\\/i.ytimg.com\\\/vi\\\/v019dQuV8Tw\\\/hqdefault.jpg&quot;,&quot;640&quot;:&quot;https:\\\/\\\/i.ytimg.com\\\/vi\\\/v019dQuV8Tw\\\/sddefault.jpg&quot;}\" data-video-id=\"v019dQuV8Tw\" data-video-title=\"El #bocadillo m\u00e1s #barato de #Roma \ud83c\uddee\ud83c\uddf9 Dos por menos de 2 \u20ac (y el agua, gratis) \ud83d\udca7#allanostra\">\n                <img  title=\"P\u00e2tes \u00e0 la tomate et au basilic (pasta al pomodoro \u00e0 l&#039;italienne) ~ Premiers plats Recettes  ~ La ragazza col mattarello\" decoding=\"async\" src=\"https:\/\/www.laragazzacolmattarello.com\/wp-content\/plugins\/feeds-for-youtube\/img\/placeholder.png\"  alt=\"P\u00e2tes \u00e0 la tomate et au basilic (pasta al pomodoro \u00e0 l&#039;italienne) ~ Premiers plats Recettes  ~ La ragazza col mattarello\" >\n\n                <div class=\"sby_thumbnail_hover sby_item_video_thumbnail_hover\">\n                    <div class=\"sby_thumbnail_hover_inner\">\n                                                    <span class=\"sby_video_title\" role=\"heading\" aria-level=\"3\" >El #bocadillo m\u00e1s #barato de #Roma \ud83c\uddee\ud83c\uddf9 Dos por menos de 2 \u20ac (y el agua, gratis) \ud83d\udca7#allanostra<\/span>\n                                            <\/div>\n                <\/div>\n\n                                    <div class=\"sby_play_btn\" >\n                        <span class=\"sby_play_btn_bg\"><\/span>\n                        <svg aria-hidden=\"true\" focusable=\"false\" data-prefix=\"fab\" data-icon=\"youtube\" role=\"img\" xmlns=\"http:\/\/www.w3.org\/2000\/svg\" viewBox=\"0 0 576 512\" class=\"svg-inline--fa fa-youtube fa-w-18\"><path fill=\"currentColor\" d=\"M549.655 124.083c-6.281-23.65-24.787-42.276-48.284-48.597C458.781 64 288 64 288 64S117.22 64 74.629 75.486c-23.497 6.322-42.003 24.947-48.284 48.597-11.412 42.867-11.412 132.305-11.412 132.305s0 89.438 11.412 132.305c6.281 23.65 24.787 41.5 48.284 47.821C117.22 448 288 448 288 448s170.78 0 213.371-11.486c23.497-6.321 42.003-24.171 48.284-47.821 11.412-42.867 11.412-132.305 11.412-132.305s0-89.438-11.412-132.305zm-317.51 213.508V175.185l142.739 81.205-142.739 81.201z\" class=\"\"><\/path><\/svg>                    <\/div>\n                                <span class=\"sby_loader sby_hidden\" style=\"background-color: rgb(255, 255, 255);\"><\/span>\n            <\/a>\n\n                    <\/div>\n    <\/div>\n<\/div>    <\/div>\n    \n\t<div class=\"sby_footer\">\n\n<div class=\"sby-screenreader\" role=\"status\" aria-live=\"polite\" aria-atomic=\"true\" data-sby-feed-status><\/div>\n\n\n<\/div>\n    \n\t\n<\/div>\n\n\t<style type=\"text\/css\">body #sb_youtube_sbyUCkrxY67wU2ZtStSZsNLPZnw3.sb_youtube.sby_palette_custom .sby_follow_btn a { background: #c91f1f;}body #sb_youtube_sbyUCkrxY67wU2ZtStSZsNLPZnw3.sb_youtube.sby_palette_custom .sby_footer .sby_load_btn { background: #c91f1f;}    <\/style>\n\t<style type=\"text\/css\">body #sb_youtube_sbyUCkrxY67wU2ZtStSZsNLPZnw3 .sby_load_btn:hover { background: #c91f1f !important}body #sb_youtube_sbyUCkrxY67wU2ZtStSZsNLPZnw3 .sby_caption_wrap .sby_caption { font-size: 13px !important}body #sb_youtube_sbyUCkrxY67wU2ZtStSZsNLPZnw3 .sby_follow_btn a:hover { box-shadow:inset 0 0 10px 20px rgb(255, 255, 255, .25) !important}body #sb_youtube_sbyUCkrxY67wU2ZtStSZsNLPZnw3[data-videostyle=boxed] .sby_items_wrap .sby_item .sby_inner_item { background-color: #ffffff !important}<\/style><script type=\"text\/javascript\">if (typeof sbyOptions === \"undefined\") var sbyOptions = {\"adminAjaxUrl\":\"https:\\\/\\\/www.laragazzacolmattarello.com\\\/wp-admin\\\/admin-ajax.php\",\"placeholder\":\"https:\\\/\\\/www.laragazzacolmattarello.com\\\/wp-content\\\/plugins\\\/feeds-for-youtube\\\/img\\\/placeholder.png\",\"placeholderNarrow\":\"https:\\\/\\\/www.laragazzacolmattarello.com\\\/wp-content\\\/plugins\\\/feeds-for-youtube\\\/img\\\/placeholder-narrow.png\",\"lightboxPlaceholder\":\"https:\\\/\\\/www.laragazzacolmattarello.com\\\/wp-content\\\/plugins\\\/feeds-for-youtube\\\/img\\\/lightbox-placeholder.png\",\"lightboxPlaceholderNarrow\":\"https:\\\/\\\/www.laragazzacolmattarello.com\\\/wp-content\\\/plugins\\\/feeds-for-youtube\\\/img\\\/lightbox-placeholder-narrow.png\",\"autoplay\":true,\"semiEagerload\":true,\"eagerload\":true};<\/script><script type='text\/javascript' src='https:\/\/www.laragazzacolmattarello.com\/wp-content\/plugins\/feeds-for-youtube\/public\/build\/js\/sb-youtube.js'><\/script><\/div>\n    <\/div><\/div><hr><div class=\"centertext\"><h3>The card<\/h3><\/div>\n<p><!-- vrtl-translatium:recipe:start --><\/p>\n<div class=\"vrtl-recipe\" data-recipe-id=\"5630\">\n<h2 class=\"vrtl-recipe__title\">P\u00e2tes \u00e0 la tomate et au basilic (pasta al pomodoro \u00e0 l&rsquo;italienne)<\/h2>\n<figure class=\"vrtl-recipe__figure\"><img  title=\"P\u00e2tes \u00e0 la tomate et au basilic (pasta al pomodoro \u00e0 l&#039;italienne) ~ Premiers plats Recettes  ~ La ragazza col mattarello\" decoding=\"async\" src=\"https:\/\/www.laragazzacolmattarello.com\/wp-content\/uploads\/2023\/11\/lrcm_web_featured_thumbnail_1920x1080.jpg\"  alt=\"P\u00e2tes \u00e0 la tomate et au basilic (pasta al pomodoro \u00e0 l&#039;italienne) ~ Premiers plats Recettes  ~ La ragazza col mattarello\"  \/><\/figure>\n<div class=\"vrtl-recipe__summary\">\n<p>L&rsquo;une des recettes de p\u00e2tes les plus c\u00e9l\u00e8bres au monde est la pasta al pomodoro. Les spaghettis \u00e0 la tomate, les pr\u00e9f\u00e9r\u00e9s des enfants et l&rsquo;une des plus faciles \u00e0 pr\u00e9parer. Le seul secret r\u00e9side dans l&rsquo;utilisation de tomates de bonne qualit\u00e9, fra\u00eeches ou en conserve, et de basilic frais.<\/p>\n<\/div>\n<ul class=\"vrtl-recipe__meta\">\n<li class=\"vrtl-recipe__meta-item\"><span class=\"vrtl-recipe__meta-label\">Course<\/span><br \/>\n<span class=\"vrtl-recipe__meta-value\">Entr\u00e9e<\/span><\/li>\n<li class=\"vrtl-recipe__meta-item\"><span class=\"vrtl-recipe__meta-label\">Cuisine<\/span><br \/>\n<span class=\"vrtl-recipe__meta-value\">Italienne<\/span><\/li>\n<li class=\"vrtl-recipe__meta-item\"><span class=\"vrtl-recipe__meta-label\">Prep time<\/span><br \/>\n<span class=\"vrtl-recipe__meta-value\">5 Minutes<\/span><\/li>\n<li class=\"vrtl-recipe__meta-item\"><span class=\"vrtl-recipe__meta-label\">Cook time<\/span><br \/>\n<span class=\"vrtl-recipe__meta-value\">15 Minutes<\/span><\/li>\n<li class=\"vrtl-recipe__meta-item\"><span class=\"vrtl-recipe__meta-label\">Servings<\/span><br \/>\n<span class=\"vrtl-recipe__meta-value\">2 <\/span><\/li>\n<li class=\"vrtl-recipe__meta-item\"><span class=\"vrtl-recipe__meta-label\">Calories<\/span><br \/>\n<span class=\"vrtl-recipe__meta-value\">400 kcal<\/span><\/li>\n<li class=\"vrtl-recipe__meta-item\"><span class=\"vrtl-recipe__meta-label\">Author<\/span><br \/>\n<span class=\"vrtl-recipe__meta-value\">Mia Villar Raurich<\/span><\/li>\n<li class=\"vrtl-recipe__meta-item\"><span class=\"vrtl-recipe__meta-label\">Keywords<\/span><br \/>\n<span class=\"vrtl-recipe__meta-value\">huile d&rsquo;olive, ail, basilic, p\u00e2tes, tomate<\/span><\/li>\n<\/ul>\n<section class=\"vrtl-recipe__section vrtl-recipe__section--ingredients\">\n<h3 class=\"vrtl-recipe__heading\">Ingredients<\/h3>\n<ul class=\"vrtl-recipe__ingredients\">\n<li class=\"vrtl-recipe__ingredient\"><span class=\"vrtl-recipe__amount\">160<\/span> <span class=\"vrtl-recipe__unit\">g<\/span> <span class=\"vrtl-recipe__ingredient-name\">Spaghettis<\/span><\/li>\n<li class=\"vrtl-recipe__ingredient\"><span class=\"vrtl-recipe__amount\">350<\/span> <span class=\"vrtl-recipe__unit\">g<\/span> <span class=\"vrtl-recipe__ingredient-name\">Tomate<\/span><\/li>\n<li class=\"vrtl-recipe__ingredient\"><span class=\"vrtl-recipe__amount\">2<\/span> <span class=\"vrtl-recipe__unit\">ramitas <\/span> <span class=\"vrtl-recipe__ingredient-name\">Basilic frais<\/span><\/li>\n<li class=\"vrtl-recipe__ingredient\"><span class=\"vrtl-recipe__amount\">1<\/span> <span class=\"vrtl-recipe__unit\">diente <\/span> <span class=\"vrtl-recipe__ingredient-name\">Ail<\/span><\/li>\n<li class=\"vrtl-recipe__ingredient\"><span class=\"vrtl-recipe__ingredient-name\">Huile d&rsquo;olive vierge<\/span><\/li>\n<li class=\"vrtl-recipe__ingredient\"><span class=\"vrtl-recipe__ingredient-name\">Sel<\/span><\/li>\n<\/ul>\n<\/section>\n<section class=\"vrtl-recipe__section vrtl-recipe__section--steps\">\n<h3 class=\"vrtl-recipe__heading\">Instructions<\/h3>\n<ol class=\"vrtl-recipe__steps\">\n<li class=\"vrtl-recipe__step\">R\u00e2per ou peler les tomates<\/li>\n<li class=\"vrtl-recipe__step\">Faire dorer la gousse d&rsquo;ail dans une po\u00eale avec 2 cuill\u00e8res \u00e0 soupe d&rsquo;huile d&rsquo;olive vierge<\/li>\n<li class=\"vrtl-recipe__step\">Retirer l&rsquo;ail et ajouter la tomate<\/li>\n<li class=\"vrtl-recipe__step\">Laisser r\u00e9duire la sauce pendant environ 15 min<\/li>\n<li class=\"vrtl-recipe__step\">Go\u00fbter et rectifier l&rsquo;assaisonnement en sel si n\u00e9cessaire. (Si vous la trouvez trop acide, vous pouvez ajouter un peu de sucre pour l&rsquo;\u00e9quilibrer)<\/li>\n<li class=\"vrtl-recipe__step\">\u00c9teindre le feu, ajouter le basilic dans la sauce, remuer et laisser la po\u00eale ou la casserole couverte pendant 10 min<\/li>\n<li class=\"vrtl-recipe__step\">Faire bouillir les p\u00e2tes dans une grande quantit\u00e9 d&rsquo;eau sal\u00e9e<\/li>\n<li class=\"vrtl-recipe__step\">Incorporer les p\u00e2tes \u00e0 la sauce lorsqu&rsquo;elles sont presque al dente, avec une demi-louche d&rsquo;eau de cuisson<\/li>\n<li class=\"vrtl-recipe__step\">Faire sauter les p\u00e2tes pendant 30 secondes et servir<\/li>\n<\/ol>\n<\/section>\n<section class=\"vrtl-recipe__section vrtl-recipe__section--video\">\n<h3 class=\"vrtl-recipe__heading\">Video<\/h3>\n<div class=\"vrtl-recipe__video\"><iframe loading=\"lazy\" src=\"https:\/\/www.youtube.com\/embed\/thbnFUJjpU8\" width=\"560\" height=\"315\" frameborder=\"0\" allowfullscreen=\"allowfullscreen\"><\/iframe><\/div>\n<\/section>\n<\/div>\n<p><!-- vrtl-translatium:recipe:end --><\/p>\n","protected":false},"excerpt":{"rendered":"<p>L&rsquo;une des recettes de p\u00e2tes les plus c\u00e9l\u00e8bres au monde est la pasta al pomodoro. Les spaghettis \u00e0 la tomate, les pr\u00e9f\u00e9r\u00e9s des enfants et l&rsquo;une des recettes les plus faciles \u00e0 pr\u00e9parer. Le seul secret r\u00e9side dans l&rsquo;utilisation de tomates de bonne qualit\u00e9, fra\u00eeches ou en conserve, et de basilic frais. &nbsp; &nbsp; Normalement, la sauce al pomodoro typique est pr\u00e9par\u00e9e avec de la tomate r\u00e2p\u00e9e, de l&rsquo;huile d&rsquo;olive, du basilic et du sel. Je pr\u00e9f\u00e8re la pr\u00e9parer avec des tomates enti\u00e8res, car je n&rsquo;aime pas que la sauce soit trop homog\u00e8ne, mais choisissez vous-m\u00eames comment vous la pr\u00e9f\u00e9rez. Certains ajoutent \u00e9galement un peu d&rsquo;oignon hach\u00e9, du poivre, un peu de piment de Cayenne et, au moment de servir les p\u00e2tes, saupoudrent un peu de parmesan par-dessus. Tout est d\u00e9licieux, mais je vous ai propos\u00e9 la recette la plus pure et la plus classique, la super rouge. Bon app\u00e9tit ! P\u00e2tes \u00e0 la tomate et au basilic (pasta al pomodoro \u00e0 l&rsquo;italienne) L&rsquo;une des recettes de p\u00e2tes les plus c\u00e9l\u00e8bres au monde est la pasta al pomodoro. Les spaghettis \u00e0 la tomate, les pr\u00e9f\u00e9r\u00e9s des enfants et l&rsquo;une des plus faciles \u00e0 pr\u00e9parer. Le seul secret r\u00e9side dans l&rsquo;utilisation de tomates de bonne qualit\u00e9, fra\u00eeches ou en conserve, et de basilic frais. Course Entr\u00e9e Cuisine Italienne Prep time 5 Minutes Cook time 15 Minutes Servings 2 Calories 400 kcal Author Mia Villar Raurich Keywords huile d&rsquo;olive, ail, basilic, p\u00e2tes, tomate Ingredients 160 g Spaghettis 350 g Tomate 2 ramitas Basilic frais 1 diente Ail Huile d&rsquo;olive vierge Sel Instructions R\u00e2per ou peler les tomates Faire dorer la gousse d&rsquo;ail dans une po\u00eale avec 2 cuill\u00e8res \u00e0 soupe d&rsquo;huile d&rsquo;olive vierge Retirer l&rsquo;ail et ajouter la tomate Laisser r\u00e9duire la sauce pendant environ 15 min Go\u00fbter et rectifier l&rsquo;assaisonnement en sel si n\u00e9cessaire. (Si vous la trouvez trop acide, vous pouvez ajouter un peu de sucre pour l&rsquo;\u00e9quilibrer) \u00c9teindre le feu, ajouter le basilic dans la sauce, remuer et laisser la po\u00eale ou la casserole couverte pendant 10 min Faire bouillir les p\u00e2tes dans une grande quantit\u00e9 d&rsquo;eau sal\u00e9e Incorporer les p\u00e2tes \u00e0 la sauce lorsqu&rsquo;elles sont presque al dente, avec une demi-louche d&rsquo;eau de cuisson Faire sauter les p\u00e2tes pendant 30 secondes et servir Video<\/p>\n","protected":false},"author":1,"featured_media":11692,"comment_status":"open","ping_status":"closed","sticky":false,"template":"","format":"standard","meta":{"wprm-recipe-roundup-name":"","wprm-recipe-roundup-description":"","footnotes":""},"categories":[3321,3322],"tags":[3753,3751,3754,3755,3752],"class_list":["post-17276","post","type-post","status-publish","format-standard","has-post-thumbnail","hentry","category-premiers-plats","category-recettes","tag-ail-fr","tag-basilic-fr","tag-huile-fr","tag-pates","tag-tomate-fr"],"yoast_head":"<!-- This site is optimized with the Yoast SEO plugin v28.4 - https:\/\/yoast.com\/product\/yoast-seo-wordpress\/ -->\n<title>P\u00e2tes \u00e0 la tomate et au basilic (pasta al pomodoro \u00e0 l&#039;italienne) ~ La ragazza col mattarello<\/title>\n<meta name=\"description\" content=\"L&#039;une des recettes de p\u00e2tes les plus c\u00e9l\u00e8bres au monde est la pasta al pomodoro. Les spaghettis \u00e0 la tomate, les pr\u00e9f\u00e9r\u00e9s des enfants et l&#039;une des\" \/>\n<meta name=\"robots\" content=\"index, follow, max-snippet:-1, max-image-preview:large, max-video-preview:-1\" \/>\n<link rel=\"canonical\" href=\"https:\/\/www.laragazzacolmattarello.com\/fr\/pates-a-la-tomate-et-au-basilic-pasta-al-pomodoro-a-litalienne\/\" \/>\n<meta property=\"og:locale\" content=\"fr_FR\" \/>\n<meta property=\"og:type\" content=\"article\" \/>\n<meta property=\"og:title\" content=\"P\u00e2tes \u00e0 la tomate et au basilic (pasta al pomodoro \u00e0 l&#039;italienne) ~ La ragazza col mattarello\" \/>\n<meta property=\"og:description\" content=\"L&#039;une des recettes de p\u00e2tes les plus c\u00e9l\u00e8bres au monde est la pasta al pomodoro. Les spaghettis \u00e0 la tomate, les pr\u00e9f\u00e9r\u00e9s des enfants et l&#039;une des\" \/>\n<meta property=\"og:url\" content=\"https:\/\/www.laragazzacolmattarello.com\/fr\/pates-a-la-tomate-et-au-basilic-pasta-al-pomodoro-a-litalienne\/\" \/>\n<meta property=\"og:site_name\" content=\"La ragazza col mattarello\" \/>\n<meta property=\"article:publisher\" content=\"https:\/\/www.facebook.com\/laragazzacolmattarello\" \/>\n<meta property=\"article:author\" content=\"https:\/\/www.youtube.com\/redirect?event=channel_description&amp;redir_token=QUFFLUhqbjZaNUZ3S005RUZSeUNYblVGbTRzZjJRdGhRQXxBQ3Jtc0trN3MyMDlxS1BpT2t2VXB2NUtIX1hVU2VLZnZXSDZGLXdWV3R3WWg4ajNva0pQa3dwdlNCQUNJZ0pnNi1YMnRXS3o2Unl5NGhkTjBISVpMbDlfQVdpUzRoTGlKQUVzLWE5SGRteFVpcHBJbmkyRjE5cw&amp;q=httpswww.laragazzacolmattarello.commefacebook\" \/>\n<meta property=\"article:published_time\" content=\"2020-04-19T18:29:23+00:00\" \/>\n<meta property=\"article:modified_time\" content=\"2026-09-01T18:13:39+00:00\" \/>\n<meta property=\"og:image\" content=\"https:\/\/www.laragazzacolmattarello.com\/wp-content\/uploads\/2023\/11\/lrcm_web_featured_thumbnail_1920x1080.jpg\" \/>\n\t<meta property=\"og:image:width\" content=\"1920\" \/>\n\t<meta property=\"og:image:height\" content=\"1080\" \/>\n\t<meta property=\"og:image:type\" content=\"image\/jpeg\" \/>\n<meta name=\"author\" content=\"Mia Villar Raurich\" \/>\n<meta name=\"twitter:card\" content=\"summary_large_image\" \/>\n<meta name=\"twitter:creator\" content=\"@mattarellogirl\" \/>\n<meta name=\"twitter:site\" content=\"@mattarellogirl\" \/>\n<meta name=\"twitter:label1\" content=\"\u00c9crit par\" \/>\n\t<meta name=\"twitter:data1\" content=\"Mia Villar Raurich\" \/>\n\t<meta name=\"twitter:label2\" content=\"Dur\u00e9e de lecture estim\u00e9e\" \/>\n\t<meta name=\"twitter:data2\" content=\"5 minutes\" \/>\n<script type=\"application\/ld+json\" class=\"yoast-schema-graph\">{\"@context\":\"https:\\\/\\\/schema.org\",\"@graph\":[{\"@type\":\"WebPage\",\"@id\":\"https:\\\/\\\/www.laragazzacolmattarello.com\\\/fr\\\/pates-a-la-tomate-et-au-basilic-pasta-al-pomodoro-a-litalienne\\\/\",\"url\":\"https:\\\/\\\/www.laragazzacolmattarello.com\\\/fr\\\/pates-a-la-tomate-et-au-basilic-pasta-al-pomodoro-a-litalienne\\\/\",\"name\":\"P\u00e2tes \u00e0 la tomate et au basilic (pasta al pomodoro \u00e0 l'italienne) ~ La ragazza col mattarello\",\"isPartOf\":{\"@id\":\"https:\\\/\\\/www.laragazzacolmattarello.com\\\/fr\\\/#website\"},\"primaryImageOfPage\":{\"@id\":\"https:\\\/\\\/www.laragazzacolmattarello.com\\\/fr\\\/pates-a-la-tomate-et-au-basilic-pasta-al-pomodoro-a-litalienne\\\/#primaryimage\"},\"image\":{\"@id\":\"https:\\\/\\\/www.laragazzacolmattarello.com\\\/fr\\\/pates-a-la-tomate-et-au-basilic-pasta-al-pomodoro-a-litalienne\\\/#primaryimage\"},\"thumbnailUrl\":\"https:\\\/\\\/www.laragazzacolmattarello.com\\\/wp-content\\\/uploads\\\/2023\\\/11\\\/lrcm_web_featured_thumbnail_1920x1080.jpg\",\"datePublished\":\"2020-04-19T18:29:23+00:00\",\"dateModified\":\"2026-09-01T18:13:39+00:00\",\"description\":\"L'une des recettes de p\u00e2tes les plus c\u00e9l\u00e8bres au monde est la pasta al pomodoro. Les spaghettis \u00e0 la tomate, les pr\u00e9f\u00e9r\u00e9s des enfants et l'une des\",\"breadcrumb\":{\"@id\":\"https:\\\/\\\/www.laragazzacolmattarello.com\\\/fr\\\/pates-a-la-tomate-et-au-basilic-pasta-al-pomodoro-a-litalienne\\\/#breadcrumb\"},\"inLanguage\":\"fr-FR\",\"potentialAction\":[{\"@type\":\"ReadAction\",\"target\":[\"https:\\\/\\\/www.laragazzacolmattarello.com\\\/fr\\\/pates-a-la-tomate-et-au-basilic-pasta-al-pomodoro-a-litalienne\\\/\"]}]},{\"@type\":\"ImageObject\",\"inLanguage\":\"fr-FR\",\"@id\":\"https:\\\/\\\/www.laragazzacolmattarello.com\\\/fr\\\/pates-a-la-tomate-et-au-basilic-pasta-al-pomodoro-a-litalienne\\\/#primaryimage\",\"url\":\"https:\\\/\\\/www.laragazzacolmattarello.com\\\/wp-content\\\/uploads\\\/2023\\\/11\\\/lrcm_web_featured_thumbnail_1920x1080.jpg\",\"contentUrl\":\"https:\\\/\\\/www.laragazzacolmattarello.com\\\/wp-content\\\/uploads\\\/2023\\\/11\\\/lrcm_web_featured_thumbnail_1920x1080.jpg\",\"width\":1920,\"height\":1080,\"caption\":\"Pasta con tomate y albahaca (pasta al pomodoro all'italiana) - pasta al pomodoro\"},{\"@type\":\"BreadcrumbList\",\"@id\":\"https:\\\/\\\/www.laragazzacolmattarello.com\\\/fr\\\/pates-a-la-tomate-et-au-basilic-pasta-al-pomodoro-a-litalienne\\\/#breadcrumb\",\"itemListElement\":[{\"@type\":\"ListItem\",\"position\":1,\"name\":\"Inicio\",\"item\":\"https:\\\/\\\/www.laragazzacolmattarello.com\\\/fr\\\/\"},{\"@type\":\"ListItem\",\"position\":2,\"name\":\"P\u00e2tes \u00e0 la tomate et au basilic (pasta al pomodoro \u00e0 l&#8217;italienne)\"}]},{\"@type\":\"WebSite\",\"@id\":\"https:\\\/\\\/www.laragazzacolmattarello.com\\\/fr\\\/#website\",\"url\":\"https:\\\/\\\/www.laragazzacolmattarello.com\\\/fr\\\/\",\"name\":\"La ragazza col mattarello\",\"description\":\"Recetas tradicionales italianas\",\"publisher\":{\"@id\":\"https:\\\/\\\/www.laragazzacolmattarello.com\\\/fr\\\/#organization\"},\"potentialAction\":[{\"@type\":\"SearchAction\",\"target\":{\"@type\":\"EntryPoint\",\"urlTemplate\":\"https:\\\/\\\/www.laragazzacolmattarello.com\\\/fr\\\/?s={search_term_string}\"},\"query-input\":{\"@type\":\"PropertyValueSpecification\",\"valueRequired\":true,\"valueName\":\"search_term_string\"}}],\"inLanguage\":\"fr-FR\"},{\"@type\":\"Organization\",\"@id\":\"https:\\\/\\\/www.laragazzacolmattarello.com\\\/fr\\\/#organization\",\"name\":\"La ragazza col mattarello\",\"alternateName\":\"Mia Villar Raurich\",\"url\":\"https:\\\/\\\/www.laragazzacolmattarello.com\\\/fr\\\/\",\"logo\":{\"@type\":\"ImageObject\",\"inLanguage\":\"fr-FR\",\"@id\":\"https:\\\/\\\/www.laragazzacolmattarello.com\\\/fr\\\/#\\\/schema\\\/logo\\\/image\\\/\",\"url\":\"https:\\\/\\\/www.laragazzacolmattarello.com\\\/wp-content\\\/uploads\\\/2026\\\/05\\\/la_ragazza_col_mattarello_512x512.png\",\"contentUrl\":\"https:\\\/\\\/www.laragazzacolmattarello.com\\\/wp-content\\\/uploads\\\/2026\\\/05\\\/la_ragazza_col_mattarello_512x512.png\",\"width\":512,\"height\":512,\"caption\":\"La ragazza col mattarello\"},\"image\":{\"@id\":\"https:\\\/\\\/www.laragazzacolmattarello.com\\\/fr\\\/#\\\/schema\\\/logo\\\/image\\\/\"},\"sameAs\":[\"https:\\\/\\\/www.facebook.com\\\/laragazzacolmattarello\",\"https:\\\/\\\/x.com\\\/mattarellogirl\",\"https:\\\/\\\/www.instagram.com\\\/mattarellogirl\\\/\",\"https:\\\/\\\/www.pinterest.com\\\/mattarellogirl\\\/\",\"https:\\\/\\\/www.youtube.com\\\/@laragazzacolmattarello\"]}]}<\/script>\n<!-- \/ Yoast SEO plugin. -->","yoast_head_json":{"title":"P\u00e2tes \u00e0 la tomate et au basilic (pasta al pomodoro \u00e0 l'italienne) ~ La ragazza col mattarello","description":"L'une des recettes de p\u00e2tes les plus c\u00e9l\u00e8bres au monde est la pasta al pomodoro. Les spaghettis \u00e0 la tomate, les pr\u00e9f\u00e9r\u00e9s des enfants et l'une des","robots":{"index":"index","follow":"follow","max-snippet":"max-snippet:-1","max-image-preview":"max-image-preview:large","max-video-preview":"max-video-preview:-1"},"canonical":"https:\/\/www.laragazzacolmattarello.com\/fr\/pates-a-la-tomate-et-au-basilic-pasta-al-pomodoro-a-litalienne\/","og_locale":"fr_FR","og_type":"article","og_title":"P\u00e2tes \u00e0 la tomate et au basilic (pasta al pomodoro \u00e0 l'italienne) ~ La ragazza col mattarello","og_description":"L'une des recettes de p\u00e2tes les plus c\u00e9l\u00e8bres au monde est la pasta al pomodoro. Les spaghettis \u00e0 la tomate, les pr\u00e9f\u00e9r\u00e9s des enfants et l'une des","og_url":"https:\/\/www.laragazzacolmattarello.com\/fr\/pates-a-la-tomate-et-au-basilic-pasta-al-pomodoro-a-litalienne\/","og_site_name":"La ragazza col mattarello","article_publisher":"https:\/\/www.facebook.com\/laragazzacolmattarello","article_author":"https:\/\/www.youtube.com\/redirect?event=channel_description&redir_token=QUFFLUhqbjZaNUZ3S005RUZSeUNYblVGbTRzZjJRdGhRQXxBQ3Jtc0trN3MyMDlxS1BpT2t2VXB2NUtIX1hVU2VLZnZXSDZGLXdWV3R3WWg4ajNva0pQa3dwdlNCQUNJZ0pnNi1YMnRXS3o2Unl5NGhkTjBISVpMbDlfQVdpUzRoTGlKQUVzLWE5SGRteFVpcHBJbmkyRjE5cw&q=httpswww.laragazzacolmattarello.commefacebook","article_published_time":"2020-04-19T18:29:23+00:00","article_modified_time":"2026-09-01T18:13:39+00:00","og_image":[{"width":1920,"height":1080,"url":"https:\/\/www.laragazzacolmattarello.com\/wp-content\/uploads\/2023\/11\/lrcm_web_featured_thumbnail_1920x1080.jpg","type":"image\/jpeg"}],"author":"Mia Villar Raurich","twitter_card":"summary_large_image","twitter_creator":"@mattarellogirl","twitter_site":"@mattarellogirl","twitter_misc":{"\u00c9crit par":"Mia Villar Raurich","Dur\u00e9e de lecture estim\u00e9e":"5 minutes"},"schema":{"@context":"https:\/\/schema.org","@graph":[{"@type":"WebPage","@id":"https:\/\/www.laragazzacolmattarello.com\/fr\/pates-a-la-tomate-et-au-basilic-pasta-al-pomodoro-a-litalienne\/","url":"https:\/\/www.laragazzacolmattarello.com\/fr\/pates-a-la-tomate-et-au-basilic-pasta-al-pomodoro-a-litalienne\/","name":"P\u00e2tes \u00e0 la tomate et au basilic (pasta al pomodoro \u00e0 l'italienne) ~ La ragazza col mattarello","isPartOf":{"@id":"https:\/\/www.laragazzacolmattarello.com\/fr\/#website"},"primaryImageOfPage":{"@id":"https:\/\/www.laragazzacolmattarello.com\/fr\/pates-a-la-tomate-et-au-basilic-pasta-al-pomodoro-a-litalienne\/#primaryimage"},"image":{"@id":"https:\/\/www.laragazzacolmattarello.com\/fr\/pates-a-la-tomate-et-au-basilic-pasta-al-pomodoro-a-litalienne\/#primaryimage"},"thumbnailUrl":"https:\/\/www.laragazzacolmattarello.com\/wp-content\/uploads\/2023\/11\/lrcm_web_featured_thumbnail_1920x1080.jpg","datePublished":"2020-04-19T18:29:23+00:00","dateModified":"2026-09-01T18:13:39+00:00","description":"L'une des recettes de p\u00e2tes les plus c\u00e9l\u00e8bres au monde est la pasta al pomodoro. Les spaghettis \u00e0 la tomate, les pr\u00e9f\u00e9r\u00e9s des enfants et l'une des","breadcrumb":{"@id":"https:\/\/www.laragazzacolmattarello.com\/fr\/pates-a-la-tomate-et-au-basilic-pasta-al-pomodoro-a-litalienne\/#breadcrumb"},"inLanguage":"fr-FR","potentialAction":[{"@type":"ReadAction","target":["https:\/\/www.laragazzacolmattarello.com\/fr\/pates-a-la-tomate-et-au-basilic-pasta-al-pomodoro-a-litalienne\/"]}]},{"@type":"ImageObject","inLanguage":"fr-FR","@id":"https:\/\/www.laragazzacolmattarello.com\/fr\/pates-a-la-tomate-et-au-basilic-pasta-al-pomodoro-a-litalienne\/#primaryimage","url":"https:\/\/www.laragazzacolmattarello.com\/wp-content\/uploads\/2023\/11\/lrcm_web_featured_thumbnail_1920x1080.jpg","contentUrl":"https:\/\/www.laragazzacolmattarello.com\/wp-content\/uploads\/2023\/11\/lrcm_web_featured_thumbnail_1920x1080.jpg","width":1920,"height":1080,"caption":"Pasta con tomate y albahaca (pasta al pomodoro all'italiana) - pasta al pomodoro"},{"@type":"BreadcrumbList","@id":"https:\/\/www.laragazzacolmattarello.com\/fr\/pates-a-la-tomate-et-au-basilic-pasta-al-pomodoro-a-litalienne\/#breadcrumb","itemListElement":[{"@type":"ListItem","position":1,"name":"Inicio","item":"https:\/\/www.laragazzacolmattarello.com\/fr\/"},{"@type":"ListItem","position":2,"name":"P\u00e2tes \u00e0 la tomate et au basilic (pasta al pomodoro \u00e0 l&#8217;italienne)"}]},{"@type":"WebSite","@id":"https:\/\/www.laragazzacolmattarello.com\/fr\/#website","url":"https:\/\/www.laragazzacolmattarello.com\/fr\/","name":"La ragazza col mattarello","description":"Recetas tradicionales italianas","publisher":{"@id":"https:\/\/www.laragazzacolmattarello.com\/fr\/#organization"},"potentialAction":[{"@type":"SearchAction","target":{"@type":"EntryPoint","urlTemplate":"https:\/\/www.laragazzacolmattarello.com\/fr\/?s={search_term_string}"},"query-input":{"@type":"PropertyValueSpecification","valueRequired":true,"valueName":"search_term_string"}}],"inLanguage":"fr-FR"},{"@type":"Organization","@id":"https:\/\/www.laragazzacolmattarello.com\/fr\/#organization","name":"La ragazza col mattarello","alternateName":"Mia Villar Raurich","url":"https:\/\/www.laragazzacolmattarello.com\/fr\/","logo":{"@type":"ImageObject","inLanguage":"fr-FR","@id":"https:\/\/www.laragazzacolmattarello.com\/fr\/#\/schema\/logo\/image\/","url":"https:\/\/www.laragazzacolmattarello.com\/wp-content\/uploads\/2026\/05\/la_ragazza_col_mattarello_512x512.png","contentUrl":"https:\/\/www.laragazzacolmattarello.com\/wp-content\/uploads\/2026\/05\/la_ragazza_col_mattarello_512x512.png","width":512,"height":512,"caption":"La ragazza col mattarello"},"image":{"@id":"https:\/\/www.laragazzacolmattarello.com\/fr\/#\/schema\/logo\/image\/"},"sameAs":["https:\/\/www.facebook.com\/laragazzacolmattarello","https:\/\/x.com\/mattarellogirl","https:\/\/www.instagram.com\/mattarellogirl\/","https:\/\/www.pinterest.com\/mattarellogirl\/","https:\/\/www.youtube.com\/@laragazzacolmattarello"]}]}},"amp_enabled":true,"_links":{"self":[{"href":"https:\/\/www.laragazzacolmattarello.com\/fr\/wp-json\/wp\/v2\/posts\/17276","targetHints":{"allow":["GET"]}}],"collection":[{"href":"https:\/\/www.laragazzacolmattarello.com\/fr\/wp-json\/wp\/v2\/posts"}],"about":[{"href":"https:\/\/www.laragazzacolmattarello.com\/fr\/wp-json\/wp\/v2\/types\/post"}],"author":[{"embeddable":true,"href":"https:\/\/www.laragazzacolmattarello.com\/fr\/wp-json\/wp\/v2\/users\/1"}],"replies":[{"embeddable":true,"href":"https:\/\/www.laragazzacolmattarello.com\/fr\/wp-json\/wp\/v2\/comments?post=17276"}],"version-history":[{"count":4,"href":"https:\/\/www.laragazzacolmattarello.com\/fr\/wp-json\/wp\/v2\/posts\/17276\/revisions"}],"predecessor-version":[{"id":17291,"href":"https:\/\/www.laragazzacolmattarello.com\/fr\/wp-json\/wp\/v2\/posts\/17276\/revisions\/17291"}],"wp:featuredmedia":[{"embeddable":true,"href":"https:\/\/www.laragazzacolmattarello.com\/fr\/wp-json\/wp\/v2\/media\/11692"}],"wp:attachment":[{"href":"https:\/\/www.laragazzacolmattarello.com\/fr\/wp-json\/wp\/v2\/media?parent=17276"}],"wp:term":[{"taxonomy":"category","embeddable":true,"href":"https:\/\/www.laragazzacolmattarello.com\/fr\/wp-json\/wp\/v2\/categories?post=17276"},{"taxonomy":"post_tag","embeddable":true,"href":"https:\/\/www.laragazzacolmattarello.com\/fr\/wp-json\/wp\/v2\/tags?post=17276"}],"curies":[{"name":"wp","href":"https:\/\/api.w.org\/{rel}","templated":true}]}}