{"id":695,"date":"2013-03-22T01:54:40","date_gmt":"2013-03-22T00:54:40","guid":{"rendered":"http:\/\/www.laragazzacolmattarello.com\/mezze-maniche-amb-speck-ruca-i-tomaquets-cherry-2\/"},"modified":"2013-04-02T13:23:03","modified_gmt":"2013-04-02T11:23:03","slug":"mezze-maniche-con-jamon-speck-rucula-y-tomates-cherry","status":"publish","type":"post","link":"https:\/\/www.laragazzacolmattarello.com\/es\/mezze-maniche-con-jamon-speck-rucula-y-tomates-cherry\/","title":{"rendered":"Mezze maniche con jam\u00f3n speck, r\u00facula y tomates cherry"},"content":{"rendered":"<p>Quiero dar unas cuantas semanas de vacaciones a la pasta, porque tengo miedo de que se \u00abqueme\u00bb, pero no sin antes haberos dado la receta de la que hablar\u00e9 hoy: Mezze Maniche con speck, r\u00facula y tomates cherry.\u00a0Cuando la conoc\u00ed vivimos una \u00e9poca de romance extremo, de no poder vivir sin ella, so\u00f1arla despierta 24 horas al d\u00eda y pas\u00f3 lo de que \u00abse nos rompi\u00f3 el amor de tanto usarlo\u00bb.\u00a0Vamos, que despu\u00e9s de un par de meses prepar\u00e1ndola cada dos por tres, la aburr\u00ed.\u00a0Hace un par de d\u00edas me volvi\u00f3 a apetecer. Supongo que por aquello de que \u00abdonde ha habido siempre queda\u00bb, y pens\u00e9 que os la deb\u00eda presentar.\u00a0Algo debe tener, porque a mi compa\u00f1ero tambi\u00e9n le encanta, aunque lleve pomodorini.\u00a0A \u00e9l no le gustan, cosa que a m\u00ed me cuesta tanto de entender, que prefiero imaginar que pill\u00f3 un trauma de peque\u00f1o viendo la escena de \u00ab<a href=\"http:\/\/www.youtube.com\/watch?v=ICgq8-flcQU\" target=\"_blank\">fr\u00edos por fuera, bola incandescente a 18.000\u00a0grados por dentro<\/a>\u00bb de<i>\u00a0Il secondo tragico Fantozzi<\/i>.<\/p>\n<p><a href=\"http:\/\/www.laragazzacolmattarello.com\/wp-content\/uploads\/2013\/03\/IMG_5247mr.jpg\"><img  title=\"Mezze maniche con jam\u00f3n speck, r\u00facula y tomates cherry ~ Primeros Recetas  ~ La ragazza col mattarello\" loading=\"lazy\" decoding=\"async\" class=\"alignnone size-full wp-image-688\"  alt=\"Mezze maniche con jam\u00f3n speck, r\u00facula y tomates cherry ~ Primeros Recetas  ~ La ragazza col mattarello\"  src=\"http:\/\/www.laragazzacolmattarello.com\/wp-content\/uploads\/2013\/03\/IMG_5247mr.jpg\" width=\"600\" height=\"401\" srcset=\"https:\/\/www.laragazzacolmattarello.com\/wp-content\/uploads\/2013\/03\/IMG_5247mr.jpg 620w, https:\/\/www.laragazzacolmattarello.com\/wp-content\/uploads\/2013\/03\/IMG_5247mr-400x267.jpg 400w\" sizes=\"auto, (max-width: 600px) 100vw, 600px\" \/><\/a><\/p>\n<p>\u00bfLo conoc\u00edais, vosotros, el <a href=\"http:\/\/es.wikipedia.org\/wiki\/Speck\" target=\"_blank\">jam\u00f3n speck<\/a>?\u00a0Aunque originario del Tirol, es muy usado en la cocina de otras regiones y pa\u00edses centro-europeos.\u00a0Entre ellos, Italia, donde es muy apreciado el del Alto Adige, que goza de su propia <a href=\"http:\/\/es.wikipedia.org\/wiki\/Indicaci%C3%B3n_geogr%C3%A1fica\" target=\"_blank\">IGP<\/a>.<\/p>\n<p>En las tiendas especializadas en productos italianos, acostumbran a tener, pero si no lo encontrarais, se puede sustituir por jam\u00f3n serrano.\u00a0Le faltar\u00e1 el toque ahumado, pero combina igualmente bien con el resto de ingredientes.\u00a0En cuanto a los tomates cherry, si naturales o de lata, tambi\u00e9n pod\u00e9is elegir en base a vuestras preferencias.\u00a0Con los de lata har\u00e9is m\u00e1s jugo, son siempre dulces y se sofr\u00eden en un abrir y cerrar de ojos, lo que ahorra algo de tiempo en la receta.\u00a0Los naturales suelen ser un poco m\u00e1s \u00e1cidos, a menos que sea temporada de aquellos que parecen tomates de pera en miniatura que, personalmente, me encantan.<\/p>\n<p>Por cierto, la receta de hoy me la cont\u00f3 mi amiga y compa\u00f1era de trabajo Mar\u00eda.\u00a0Sabe un mont\u00f3n de recetas r\u00e1pidas, f\u00e1ciles y aut\u00e9nticamente italianas.\u00a0(La <a title=\"Stracciatella, la sopa\" href=\"http:\/\/www.laragazzacolmattarello.com\/es\/stracciatella-la-sopa\/\" target=\"_blank\">receta de la stracciatella<\/a>, por ejemplo, me la dijo ella, tambi\u00e9n) Grazie mille Mari&#8217;! \ud83d\ude42<\/p>\n<p><a href=\"http:\/\/www.laragazzacolmattarello.com\/wp-content\/uploads\/2013\/03\/IMG_5302mr.jpg\"><img  title=\"Mezze maniche con jam\u00f3n speck, r\u00facula y tomates cherry ~ Primeros Recetas  ~ La ragazza col mattarello\" loading=\"lazy\" decoding=\"async\" class=\"alignnone size-full wp-image-687\"  alt=\"Mezze maniche con jam\u00f3n speck, r\u00facula y tomates cherry ~ Primeros Recetas  ~ La ragazza col mattarello\"  src=\"http:\/\/www.laragazzacolmattarello.com\/wp-content\/uploads\/2013\/03\/IMG_5302mr.jpg\" width=\"600\" height=\"405\" \/><\/a><\/p>\n<p style=\"text-align: center;\"><hr><div class=\"videobox\"><h3>Visita mi canal de YouTube<\/h3>Si a\u00fan no lo has hecho, te invito a suscribirte a mi <a href=\"https:\/\/www.laragazzacolmattarello.com\/me\/youtubewp\"><strong>canal de YouTube<\/strong><\/a> para no perderte ninguna receta nueva.<br>\n        <strong>\u00a1No olvides seguirme en <a href=\"https:\/\/www.laragazzacolmattarello.com\/me\/igwp\" target=\"_new\" rel=\"noopener\">Instagram<\/a>!<\/strong> All\u00ed comparto m\u00e1s recetas, trucos y contenido especial para los amantes de la cocina italiana.<div class=\"row\">\n        <div class=\"col-xs-12 centertext vspaced\">\n            <h3>\u00a1Las \u00faltimas video recetas de mi canal!<\/h3>\n\n<div id=\"sb_youtube_sbyUCkrxY67wU2ZtStSZsNLPZnw3\" \n\t class=\"sb_youtube sby_layout_gallery sby_col_3 sby_mob_col_1 sby_palette_custom  sby_width_resp\" \n\tdata-feedid=\"sby_UCkrxY67wU2ZtStSZsNLPZnw#3\" \n\tdata-shortcode-atts=\"{&quot;feed&quot;:&quot;2&quot;}\" \n\tdata-cols=\"3\" \n\tdata-colsmobile=\"1\" \n\tdata-num=\"3\" \n\tdata-nummobile=\"3\" \n\tdata-channel-subscribers=\"3.1K subscribers\"\tdata-subscribe-btn=\"1\" \n\tdata-subscribe-btn-text=\"Youtube\" \n\tdata_channel_header_colors =\"{&quot;channelName&quot;:&quot;&quot;,&quot;subscribeCount&quot;:&quot;&quot;,&quot;buttonBackground&quot;:&quot;&quot;,&quot;buttonText&quot;:&quot;&quot;}\"\n\t data-sby-flags=\"resizeDisable\" data-postid=\"695\" \n\t data-videocardlayout=\"vertical\" \n>\n\t    <div id=\"sby_player_VVVrcnhZNjd3VTJadFN0U1pzTkxQWm53LjlFRS1MTlkyNW1J\" class=\"sby_player_outer_wrap sby_player_item\"  style=\"padding: 15px;padding-bottom: 0;\">\n    <div class=\"sby_video_thumbnail_wrap\">\n        <a class=\"sby_video_thumbnail sby_player_video_thumbnail\" href=\"https:\/\/www.youtube.com\/watch?v=9EE-LNY25mI\" target=\"_blank\" rel=\"noopener\" data-full-res=\"https:\/\/i.ytimg.com\/vi\/9EE-LNY25mI\/maxresdefault.jpg\" data-img-src-set=\"{&quot;120&quot;:&quot;https:\\\/\\\/i.ytimg.com\\\/vi\\\/9EE-LNY25mI\\\/default.jpg&quot;,&quot;320&quot;:&quot;https:\\\/\\\/i.ytimg.com\\\/vi\\\/9EE-LNY25mI\\\/mqdefault.jpg&quot;,&quot;480&quot;:&quot;https:\\\/\\\/i.ytimg.com\\\/vi\\\/9EE-LNY25mI\\\/hqdefault.jpg&quot;,&quot;640&quot;:&quot;https:\\\/\\\/i.ytimg.com\\\/vi\\\/9EE-LNY25mI\\\/sddefault.jpg&quot;}\" data-video-id=\"9EE-LNY25mI\">\n            <span class=\"sby-screenreader\">V\u00eddeo de YouTube VVVrcnhZNjd3VTJadFN0U1pzTkxQWm53LjlFRS1MTlkyNW1J<\/span>\n            <img  title=\"Mezze maniche con jam\u00f3n speck, r\u00facula y tomates cherry ~ Primeros Recetas  ~ La ragazza col mattarello\" decoding=\"async\" src=\"https:\/\/www.laragazzacolmattarello.com\/wp-content\/plugins\/feeds-for-youtube\/img\/placeholder.png\"  alt=\"Mezze maniche con jam\u00f3n speck, r\u00facula y tomates cherry ~ Primeros Recetas  ~ La ragazza col mattarello\" >\n            <span class=\"sby_loader sby_hidden\" style=\"background-color: rgb(255, 255, 255);\"><\/span>\n        <\/a>\n                    <div class=\"sby_play_btn\">\n            <svg aria-hidden=\"true\" focusable=\"false\" data-prefix=\"fab\" data-icon=\"youtube\" role=\"img\" xmlns=\"http:\/\/www.w3.org\/2000\/svg\" viewBox=\"0 0 576 512\" class=\"svg-inline--fa fa-youtube fa-w-18\"><path fill=\"currentColor\" d=\"M549.655 124.083c-6.281-23.65-24.787-42.276-48.284-48.597C458.781 64 288 64 288 64S117.22 64 74.629 75.486c-23.497 6.322-42.003 24.947-48.284 48.597-11.412 42.867-11.412 132.305-11.412 132.305s0 89.438 11.412 132.305c6.281 23.65 24.787 41.5 48.284 47.821C117.22 448 288 448 288 448s170.78 0 213.371-11.486c23.497-6.321 42.003-24.171 48.284-47.821 11.412-42.867 11.412-132.305 11.412-132.305s0-89.438-11.412-132.305zm-317.51 213.508V175.185l142.739 81.205-142.739 81.201z\" class=\"\"><\/path><\/svg>                <span class=\"sby_play_btn_bg\"><\/span>\n            <\/div>\n                <div class=\"sby_player_wrap\">\n            <div class=\"sby_player\"><\/div>\n        <\/div>\n    <\/div>\n<\/div>\n    <div class=\"sby_items_wrap\" style=\"padding: 15px;\">\n\t\t<div class=\"sby_item  sby_new sby_transition\" id=\"sby_VVVrcnhZNjd3VTJadFN0U1pzTkxQWm53LjlFRS1MTlkyNW1J\" data-date=\"1777043439\" data-video-id=\"9EE-LNY25mI\">\n    <div class=\"sby_inner_item\">\n        <div class=\"sby_video_thumbnail_wrap sby_item_video_thumbnail_wrap\">\n            <a class=\"sby_video_thumbnail sby_item_video_thumbnail\" href=\"https:\/\/www.youtube.com\/watch?v=9EE-LNY25mI\" target=\"_blank\" rel=\"noopener\" data-full-res=\"https:\/\/i.ytimg.com\/vi\/9EE-LNY25mI\/maxresdefault.jpg\" data-img-src-set=\"{&quot;120&quot;:&quot;https:\\\/\\\/i.ytimg.com\\\/vi\\\/9EE-LNY25mI\\\/default.jpg&quot;,&quot;320&quot;:&quot;https:\\\/\\\/i.ytimg.com\\\/vi\\\/9EE-LNY25mI\\\/mqdefault.jpg&quot;,&quot;480&quot;:&quot;https:\\\/\\\/i.ytimg.com\\\/vi\\\/9EE-LNY25mI\\\/hqdefault.jpg&quot;,&quot;640&quot;:&quot;https:\\\/\\\/i.ytimg.com\\\/vi\\\/9EE-LNY25mI\\\/sddefault.jpg&quot;}\" data-video-id=\"9EE-LNY25mI\" data-video-title=\"#Pasta con #habas y #pecorino \ud83d\udd25\u00a1El #secreto es la #brasa! \ud83c\udf3f\ud83e\udd24 \u00a1R\u00fastico y #espectacular! #recetafacil\">\n                <img  title=\"Mezze maniche con jam\u00f3n speck, r\u00facula y tomates cherry ~ Primeros Recetas  ~ La ragazza col mattarello\" decoding=\"async\" src=\"https:\/\/www.laragazzacolmattarello.com\/wp-content\/plugins\/feeds-for-youtube\/img\/placeholder.png\"  alt=\"Mezze maniche con jam\u00f3n speck, r\u00facula y tomates cherry ~ Primeros Recetas  ~ La ragazza col mattarello\" >\n\n                <div class=\"sby_thumbnail_hover sby_item_video_thumbnail_hover\">\n                    <div class=\"sby_thumbnail_hover_inner\">\n                                                    <span class=\"sby_video_title\" >#Pasta con #habas y #pecorino \ud83d\udd25\u00a1El #secreto es la #brasa! \ud83c\udf3f\ud83e\udd24 \u00a1R\u00fastico y #espectacular! #recetafacil<\/span>\n                                            <\/div>\n                <\/div>\n\n                                    <div class=\"sby_play_btn\" >\n                        <span class=\"sby_play_btn_bg\"><\/span>\n                        <svg aria-hidden=\"true\" focusable=\"false\" data-prefix=\"fab\" data-icon=\"youtube\" role=\"img\" xmlns=\"http:\/\/www.w3.org\/2000\/svg\" viewBox=\"0 0 576 512\" class=\"svg-inline--fa fa-youtube fa-w-18\"><path fill=\"currentColor\" d=\"M549.655 124.083c-6.281-23.65-24.787-42.276-48.284-48.597C458.781 64 288 64 288 64S117.22 64 74.629 75.486c-23.497 6.322-42.003 24.947-48.284 48.597-11.412 42.867-11.412 132.305-11.412 132.305s0 89.438 11.412 132.305c6.281 23.65 24.787 41.5 48.284 47.821C117.22 448 288 448 288 448s170.78 0 213.371-11.486c23.497-6.321 42.003-24.171 48.284-47.821 11.412-42.867 11.412-132.305 11.412-132.305s0-89.438-11.412-132.305zm-317.51 213.508V175.185l142.739 81.205-142.739 81.201z\" class=\"\"><\/path><\/svg>                    <\/div>\n                                <span class=\"sby_loader sby_hidden\" style=\"background-color: rgb(255, 255, 255);\"><\/span>\n            <\/a>\n\n                    <\/div>\n    <\/div>\n<\/div><div class=\"sby_item  sby_new sby_transition\" id=\"sby_VVVrcnhZNjd3VTJadFN0U1pzTkxQWm53Lmg4Y0xlQ0ZKNWEw\" data-date=\"1776545290\" data-video-id=\"h8cLeCFJ5a0\">\n    <div class=\"sby_inner_item\">\n        <div class=\"sby_video_thumbnail_wrap sby_item_video_thumbnail_wrap\">\n            <a class=\"sby_video_thumbnail sby_item_video_thumbnail\" href=\"https:\/\/www.youtube.com\/watch?v=h8cLeCFJ5a0\" target=\"_blank\" rel=\"noopener\" data-full-res=\"https:\/\/i.ytimg.com\/vi\/h8cLeCFJ5a0\/maxresdefault.jpg\" data-img-src-set=\"{&quot;120&quot;:&quot;https:\\\/\\\/i.ytimg.com\\\/vi\\\/h8cLeCFJ5a0\\\/default.jpg&quot;,&quot;320&quot;:&quot;https:\\\/\\\/i.ytimg.com\\\/vi\\\/h8cLeCFJ5a0\\\/mqdefault.jpg&quot;,&quot;480&quot;:&quot;https:\\\/\\\/i.ytimg.com\\\/vi\\\/h8cLeCFJ5a0\\\/hqdefault.jpg&quot;,&quot;640&quot;:&quot;https:\\\/\\\/i.ytimg.com\\\/vi\\\/h8cLeCFJ5a0\\\/sddefault.jpg&quot;}\" data-video-id=\"h8cLeCFJ5a0\" data-video-title=\"\u00a1GRACIAS! \u2764\ufe0f\ud83e\udd79 Celebramos los 3.000 suscriptores con vosotros \ud83c\udf89\">\n                <img  title=\"Mezze maniche con jam\u00f3n speck, r\u00facula y tomates cherry ~ Primeros Recetas  ~ La ragazza col mattarello\" decoding=\"async\" src=\"https:\/\/www.laragazzacolmattarello.com\/wp-content\/plugins\/feeds-for-youtube\/img\/placeholder.png\"  alt=\"Mezze maniche con jam\u00f3n speck, r\u00facula y tomates cherry ~ Primeros Recetas  ~ La ragazza col mattarello\" >\n\n                <div class=\"sby_thumbnail_hover sby_item_video_thumbnail_hover\">\n                    <div class=\"sby_thumbnail_hover_inner\">\n                                                    <span class=\"sby_video_title\" >\u00a1GRACIAS! \u2764\ufe0f\ud83e\udd79 Celebramos los 3.000 suscriptores con vosotros \ud83c\udf89<\/span>\n                                            <\/div>\n                <\/div>\n\n                                    <div class=\"sby_play_btn\" >\n                        <span class=\"sby_play_btn_bg\"><\/span>\n                        <svg aria-hidden=\"true\" focusable=\"false\" data-prefix=\"fab\" data-icon=\"youtube\" role=\"img\" xmlns=\"http:\/\/www.w3.org\/2000\/svg\" viewBox=\"0 0 576 512\" class=\"svg-inline--fa fa-youtube fa-w-18\"><path fill=\"currentColor\" d=\"M549.655 124.083c-6.281-23.65-24.787-42.276-48.284-48.597C458.781 64 288 64 288 64S117.22 64 74.629 75.486c-23.497 6.322-42.003 24.947-48.284 48.597-11.412 42.867-11.412 132.305-11.412 132.305s0 89.438 11.412 132.305c6.281 23.65 24.787 41.5 48.284 47.821C117.22 448 288 448 288 448s170.78 0 213.371-11.486c23.497-6.321 42.003-24.171 48.284-47.821 11.412-42.867 11.412-132.305 11.412-132.305s0-89.438-11.412-132.305zm-317.51 213.508V175.185l142.739 81.205-142.739 81.201z\" class=\"\"><\/path><\/svg>                    <\/div>\n                                <span class=\"sby_loader sby_hidden\" style=\"background-color: rgb(255, 255, 255);\"><\/span>\n            <\/a>\n\n                    <\/div>\n    <\/div>\n<\/div><div class=\"sby_item  sby_new sby_transition\" id=\"sby_VVVrcnhZNjd3VTJadFN0U1pzTkxQWm53Li0zQWlOcWU5V3k4\" data-date=\"1776242044\" data-video-id=\"-3AiNqe9Wy8\">\n    <div class=\"sby_inner_item\">\n        <div class=\"sby_video_thumbnail_wrap sby_item_video_thumbnail_wrap\">\n            <a class=\"sby_video_thumbnail sby_item_video_thumbnail\" href=\"https:\/\/www.youtube.com\/watch?v=-3AiNqe9Wy8\" target=\"_blank\" rel=\"noopener\" data-full-res=\"https:\/\/i.ytimg.com\/vi\/-3AiNqe9Wy8\/maxresdefault.jpg\" data-img-src-set=\"{&quot;120&quot;:&quot;https:\\\/\\\/i.ytimg.com\\\/vi\\\/-3AiNqe9Wy8\\\/default.jpg&quot;,&quot;320&quot;:&quot;https:\\\/\\\/i.ytimg.com\\\/vi\\\/-3AiNqe9Wy8\\\/mqdefault.jpg&quot;,&quot;480&quot;:&quot;https:\\\/\\\/i.ytimg.com\\\/vi\\\/-3AiNqe9Wy8\\\/hqdefault.jpg&quot;,&quot;640&quot;:&quot;https:\\\/\\\/i.ytimg.com\\\/vi\\\/-3AiNqe9Wy8\\\/sddefault.jpg&quot;}\" data-video-id=\"-3AiNqe9Wy8\" data-video-title=\"#Risotto con #Radicchio y #Gorgonzola \ud83e\uddc0 \ud83c\udf30 \u00a1El contraste de texturas que se hace #equilibrio! #arroz\">\n                <img  title=\"Mezze maniche con jam\u00f3n speck, r\u00facula y tomates cherry ~ Primeros Recetas  ~ La ragazza col mattarello\" decoding=\"async\" src=\"https:\/\/www.laragazzacolmattarello.com\/wp-content\/plugins\/feeds-for-youtube\/img\/placeholder.png\"  alt=\"Mezze maniche con jam\u00f3n speck, r\u00facula y tomates cherry ~ Primeros Recetas  ~ La ragazza col mattarello\" >\n\n                <div class=\"sby_thumbnail_hover sby_item_video_thumbnail_hover\">\n                    <div class=\"sby_thumbnail_hover_inner\">\n                                                    <span class=\"sby_video_title\" >#Risotto con #Radicchio y #Gorgonzola \ud83e\uddc0 \ud83c\udf30 \u00a1El contraste de texturas que se hace #equilibrio! #arroz<\/span>\n                                            <\/div>\n                <\/div>\n\n                                    <div class=\"sby_play_btn\" >\n                        <span class=\"sby_play_btn_bg\"><\/span>\n                        <svg aria-hidden=\"true\" focusable=\"false\" data-prefix=\"fab\" data-icon=\"youtube\" role=\"img\" xmlns=\"http:\/\/www.w3.org\/2000\/svg\" viewBox=\"0 0 576 512\" class=\"svg-inline--fa fa-youtube fa-w-18\"><path fill=\"currentColor\" d=\"M549.655 124.083c-6.281-23.65-24.787-42.276-48.284-48.597C458.781 64 288 64 288 64S117.22 64 74.629 75.486c-23.497 6.322-42.003 24.947-48.284 48.597-11.412 42.867-11.412 132.305-11.412 132.305s0 89.438 11.412 132.305c6.281 23.65 24.787 41.5 48.284 47.821C117.22 448 288 448 288 448s170.78 0 213.371-11.486c23.497-6.321 42.003-24.171 48.284-47.821 11.412-42.867 11.412-132.305 11.412-132.305s0-89.438-11.412-132.305zm-317.51 213.508V175.185l142.739 81.205-142.739 81.201z\" class=\"\"><\/path><\/svg>                    <\/div>\n                                <span class=\"sby_loader sby_hidden\" style=\"background-color: rgb(255, 255, 255);\"><\/span>\n            <\/a>\n\n                    <\/div>\n    <\/div>\n<\/div>    <\/div>\n    \n\t<div class=\"sby_footer\">\n\n\n<\/div>\n    \n\t\n<\/div>\n\n\t<style type=\"text\/css\">\n\t\t\t\t\t\t\tbody #sb_youtube_sbyUCkrxY67wU2ZtStSZsNLPZnw3.sb_youtube.sby_palette_custom .sby_follow_btn a {\n\t\t\tbackground: #c91f1f;\n\t\t}\n    \t\t\tbody #sb_youtube_sbyUCkrxY67wU2ZtStSZsNLPZnw3.sb_youtube.sby_palette_custom .sby_footer .sby_load_btn {\n\t\t\tbackground: #c91f1f;\n\t\t}\n        <\/style>\n\t<style type=\"text\/css\">body #sb_youtube_sbyUCkrxY67wU2ZtStSZsNLPZnw3 .sby_load_btn:hover { background: #c91f1f !important}body #sb_youtube_sbyUCkrxY67wU2ZtStSZsNLPZnw3 .sby_caption_wrap .sby_caption { font-size: 13px !important}body #sb_youtube_sbyUCkrxY67wU2ZtStSZsNLPZnw3 .sby_follow_btn a:hover { box-shadow:inset 0 0 10px 20px rgb(255, 255, 255, .25) !important}body #sb_youtube_sbyUCkrxY67wU2ZtStSZsNLPZnw3[data-videostyle=boxed] .sby_items_wrap .sby_item .sby_inner_item { background-color: #ffffff !important}<\/style><script type=\"text\/javascript\">if (typeof sbyOptions === \"undefined\") var sbyOptions = {\"adminAjaxUrl\":\"https:\\\/\\\/www.laragazzacolmattarello.com\\\/wp-admin\\\/admin-ajax.php\",\"placeholder\":\"https:\\\/\\\/www.laragazzacolmattarello.com\\\/wp-content\\\/plugins\\\/feeds-for-youtube\\\/img\\\/placeholder.png\",\"placeholderNarrow\":\"https:\\\/\\\/www.laragazzacolmattarello.com\\\/wp-content\\\/plugins\\\/feeds-for-youtube\\\/img\\\/placeholder-narrow.png\",\"lightboxPlaceholder\":\"https:\\\/\\\/www.laragazzacolmattarello.com\\\/wp-content\\\/plugins\\\/feeds-for-youtube\\\/img\\\/lightbox-placeholder.png\",\"lightboxPlaceholderNarrow\":\"https:\\\/\\\/www.laragazzacolmattarello.com\\\/wp-content\\\/plugins\\\/feeds-for-youtube\\\/img\\\/lightbox-placeholder-narrow.png\",\"autoplay\":true,\"semiEagerload\":true,\"eagerload\":true};<\/script><script type='text\/javascript' src='https:\/\/www.laragazzacolmattarello.com\/wp-content\/plugins\/feeds-for-youtube\/public\/build\/js\/sb-youtube.js'><\/script><\/div>\n    <\/div><\/div><hr><div class=\"centertext\"><h3>La ficha<\/h3><\/div><\/p>\n<div class=\"easyrecipe\">\t<link itemprop=\"image\" href=\"http:\/\/www.laragazzacolmattarello.com\/wp-content\/uploads\/2013\/03\/IMG_5247mr.jpg\" \/>\n<div class=\"item ERName\">Mezze maniche con jam\u00f3n speck, r\u00facula y tomates cherry<\/div>\n<div class=\"ERClear\"><\/div>\n<div class=\"ERHead\">Author: <span class=\"author\">La ragazza col mattarello<\/span><\/div>\n<div class=\"ERHead\">Cook time: <time itemprop=\"cookTime\" datetime=\"PT20M\">20 mins<\/time><\/div>\n<div class=\"ERHead\">Total time: <time itemprop=\"totalTime\" datetime=\"PT20M\">20 mins<\/time><\/div>\n<div class=\"ERHead\">Serves: <span class=\"yield\">2<\/span><\/div>\n<div class=\"ERIngredients\">\n<div class=\"ERIngredientsHeader\">Ingredients<\/div>\n<ul class=\"ingredients\">\n<li class=\"ingredient\">200 g de Mezze Maniche o pasta corta similar que tenga a mano<\/li>\n<li class=\"ingredient\">200 g de tomates cherry bien maduros, (si los encontrarais de lata, hacen a\u00fan m\u00e1s jugo)<\/li>\n<li class=\"ingredient\">50 g de jam\u00f3n speck o jam\u00f3n serrano.<\/li>\n<li class=\"ingredient\">1 diente de ajo<\/li>\n<li class=\"ingredient\">Media guindilla seca peque\u00f1a (opcional)<\/li>\n<li class=\"ingredient\">1 tercio de vaso de vino blanco seco<\/li>\n<li class=\"ingredient\">50 g de parmesano<\/li>\n<li class=\"ingredient\">30 g de r\u00facula.<\/li>\n<li class=\"ingredient\">Aceite de oliva<\/li>\n<li class=\"ingredient\">sal<\/li>\n<\/ul>\n<\/div>\n<div class=\"ERInstructions\">\n<div class=\"ERInstructionsHeader\">Instructions<\/div>\n<div class=\"instructions\">\n<ol>\n<li class=\"instruction\">Poner ya directamente la olla con agua para la pasta al fuego. Vigile la cantidad de sal en el agua de hervir la pasta. El jam\u00f3n suele hacer el sofrito tirando a salado. Por lo tanto es mejor que la pasta tenga poca sal.<\/li>\n<li class=\"instruction\">Poner un buen chorro de aceite a aplastar a fuego suave. en una sart\u00e9n suficientemente grande como para saltear la pasta y el sofrito que preparar\u00e1s.<\/li>\n<li class=\"instruction\">A\u00f1adir el ajo partido por la mitad y la guindilla.<\/li>\n<li class=\"instruction\">Cuando el ajo est\u00e9 dorado, retirar a \u00e9l y al guindilla y a\u00f1adir el jam\u00f3n cortado en daditos o tiras cortas. Dorar, pero sin que se fr\u00edan completamente, ya que quedar\u00edan duros como una suela de zapato.<\/li>\n<li class=\"instruction\">A\u00f1adir los tomates partidos por la mitad y dejarlos sofre\u00edr.<\/li>\n<li class=\"instruction\">Cuando el sofrito sea casi al punto, a\u00f1adir el vino y dejar que reduzca. Probar el sofrito y, si es soso, que no lo creo, rectificar de sal.<\/li>\n<li class=\"instruction\">Colar la pasta, reservando medio cuchar\u00f3n de agua de la cocci\u00f3n y a\u00f1adirlos a la sart\u00e9n con el sofrito de jam\u00f3n.<\/li>\n<li class=\"instruction\">Saltear la pasta con el contenido de la sart\u00e9n un par de minutos.<\/li>\n<li class=\"instruction\">Depositar encima de la pasta las hojas de r\u00facula que previamente habre\u00eds lavado y cortado por la mitad. La cantidad depende de si sois m\u00e1s o menos fans de este ingrediente.<\/li>\n<li class=\"instruction\">Rallar el parmesano en virutas y deje su caer un par de cucharadas sobre la r\u00facula.<\/li>\n<\/ol>\n<\/div>\n<\/div>\n<div class=\"ERNutrition\"><\/div>\n<div class=\"endeasyrecipe\" style=\"display: none;\">3.2.1230<\/div>\n<\/div>\n<p style=\"text-align: left;\">\n","protected":false},"excerpt":{"rendered":"<p>Quiero dar unas cuantas semanas de vacaciones a la pasta, porque tengo miedo de que se \u00abqueme\u00bb, pero no sin antes haberos dado la receta de la que hablar\u00e9 hoy: Mezze Maniche con speck, r\u00facula y tomates cherry.\u00a0Cuando la conoc\u00ed vivimos una \u00e9poca de romance extremo, de no poder vivir sin ella, so\u00f1arla despierta 24 horas al d\u00eda y pas\u00f3 lo de que \u00abse nos rompi\u00f3 el amor de tanto usarlo\u00bb.\u00a0Vamos, que despu\u00e9s de un par de meses prepar\u00e1ndola cada dos por tres, la aburr\u00ed.\u00a0Hace un par de d\u00edas me volvi\u00f3 a apetecer. Supongo que por aquello de que \u00abdonde ha habido siempre queda\u00bb, y pens\u00e9 que os la deb\u00eda presentar.\u00a0Algo debe tener, porque a mi compa\u00f1ero tambi\u00e9n le encanta, aunque lleve pomodorini.\u00a0A \u00e9l no le gustan, cosa que a m\u00ed me cuesta tanto de entender, que prefiero imaginar que pill\u00f3 un trauma de peque\u00f1o viendo la escena de \u00abfr\u00edos por fuera, bola incandescente a 18.000\u00a0grados por dentro\u00bb de\u00a0Il secondo tragico Fantozzi. \u00bfLo conoc\u00edais, vosotros, el jam\u00f3n speck?\u00a0Aunque originario del Tirol, es muy usado en la cocina de otras regiones y pa\u00edses centro-europeos.\u00a0Entre ellos, Italia, donde es muy apreciado el del Alto Adige, que goza de su propia IGP. En las tiendas especializadas en productos italianos, acostumbran a tener, pero si no lo encontrarais, se puede sustituir por jam\u00f3n serrano.\u00a0Le faltar\u00e1 el toque ahumado, pero combina igualmente bien con el resto de ingredientes.\u00a0En cuanto a los tomates cherry, si naturales o de lata, tambi\u00e9n pod\u00e9is elegir en base a vuestras preferencias.\u00a0Con los de lata har\u00e9is m\u00e1s jugo, son siempre dulces y se sofr\u00eden en un abrir y cerrar de ojos, lo que ahorra algo de tiempo en la receta.\u00a0Los naturales suelen ser un poco m\u00e1s \u00e1cidos, a menos que sea temporada de aquellos que parecen tomates de pera en miniatura que, personalmente, me encantan. Por cierto, la receta de hoy me la cont\u00f3 mi amiga y compa\u00f1era de trabajo Mar\u00eda.\u00a0Sabe un mont\u00f3n de recetas r\u00e1pidas, f\u00e1ciles y aut\u00e9nticamente italianas.\u00a0(La receta de la stracciatella, por ejemplo, me la dijo ella, tambi\u00e9n) Grazie mille Mari&#8217;! \ud83d\ude42 Mezze maniche con jam\u00f3n speck, r\u00facula y tomates cherry Author: La ragazza col mattarello Cook time: 20 mins Total time: 20 mins Serves: 2 Ingredients 200 g de Mezze Maniche o pasta corta similar que tenga a mano 200 g de tomates cherry bien maduros, (si los encontrarais de lata, hacen a\u00fan m\u00e1s jugo) 50 g de jam\u00f3n speck o jam\u00f3n serrano. 1 diente de ajo Media guindilla seca peque\u00f1a (opcional) 1 tercio de vaso de vino blanco seco 50 g de parmesano 30 g de r\u00facula. Aceite de oliva sal Instructions Poner ya directamente la olla con agua para la pasta al fuego. Vigile la cantidad de sal en el agua de hervir la pasta. El jam\u00f3n suele hacer el sofrito tirando a salado. Por lo tanto es mejor que la pasta tenga poca sal. Poner un buen chorro de aceite a aplastar a fuego suave. en una sart\u00e9n suficientemente grande como para saltear la pasta y el sofrito que preparar\u00e1s. A\u00f1adir el ajo partido por la mitad y la guindilla. Cuando el ajo est\u00e9 dorado, retirar a \u00e9l y al guindilla y a\u00f1adir el jam\u00f3n cortado en daditos o tiras cortas. Dorar, pero sin que se fr\u00edan completamente, ya que quedar\u00edan duros como una suela de zapato. A\u00f1adir los tomates partidos por la mitad y dejarlos sofre\u00edr. Cuando el sofrito sea casi al punto, a\u00f1adir el vino y dejar que reduzca. Probar el sofrito y, si es soso, que no lo creo, rectificar de sal. Colar la pasta, reservando medio cuchar\u00f3n de agua de la cocci\u00f3n y a\u00f1adirlos a la sart\u00e9n con el sofrito de jam\u00f3n. Saltear la pasta con el contenido de la sart\u00e9n un par de minutos. Depositar encima de la pasta las hojas de r\u00facula que previamente habre\u00eds lavado y cortado por la mitad. La cantidad depende de si sois m\u00e1s o menos fans de este ingrediente. Rallar el parmesano en virutas y deje su caer un par de cucharadas sobre la r\u00facula. 3.2.1230<\/p>\n","protected":false},"author":1,"featured_media":689,"comment_status":"open","ping_status":"closed","sticky":false,"template":"","format":"standard","meta":{"wprm-recipe-roundup-name":"","wprm-recipe-roundup-description":"","footnotes":""},"categories":[23,20],"tags":[132,35,133,28,134],"class_list":["post-695","post","type-post","status-publish","format-standard","has-post-thumbnail","hentry","category-primeros","category-recetas","tag-mezze-maniche-es","tag-pasta-es","tag-rucula","tag-speck-es","tag-tomates-cherry"],"yoast_head":"<!-- This site is optimized with the Yoast SEO plugin v27.5 - https:\/\/yoast.com\/product\/yoast-seo-wordpress\/ -->\n<title>Mezze maniche con jam\u00f3n speck, r\u00facula y tomates cherry ~ La ragazza col mattarello<\/title>\n<meta name=\"description\" content=\"Quiero dar unas cuantas semanas de vacaciones a la pasta, porque tengo miedo de que se &quot;queme&quot;, pero no sin antes haberos dado la receta de la que hablar\u00e9\" \/>\n<meta name=\"robots\" content=\"index, follow, max-snippet:-1, max-image-preview:large, max-video-preview:-1\" \/>\n<link rel=\"canonical\" href=\"https:\/\/www.laragazzacolmattarello.com\/es\/mezze-maniche-con-jamon-speck-rucula-y-tomates-cherry\/\" \/>\n<meta property=\"og:locale\" content=\"es_ES\" \/>\n<meta property=\"og:type\" content=\"article\" \/>\n<meta property=\"og:title\" content=\"Mezze maniche con jam\u00f3n speck, r\u00facula y tomates cherry ~ La ragazza col mattarello\" \/>\n<meta property=\"og:description\" content=\"Quiero dar unas cuantas semanas de vacaciones a la pasta, porque tengo miedo de que se &quot;queme&quot;, pero no sin antes haberos dado la receta de la que hablar\u00e9\" \/>\n<meta property=\"og:url\" content=\"https:\/\/www.laragazzacolmattarello.com\/es\/mezze-maniche-con-jamon-speck-rucula-y-tomates-cherry\/\" \/>\n<meta property=\"og:site_name\" content=\"La ragazza col mattarello\" \/>\n<meta property=\"article:publisher\" content=\"https:\/\/www.facebook.com\/laragazzacolmattarello\" \/>\n<meta property=\"article:published_time\" content=\"2013-03-22T00:54:40+00:00\" \/>\n<meta property=\"article:modified_time\" content=\"2013-04-02T11:23:03+00:00\" \/>\n<meta property=\"og:image\" content=\"https:\/\/www.laragazzacolmattarello.com\/wp-content\/uploads\/2013\/03\/IMG_5245mr.jpg\" \/>\n\t<meta property=\"og:image:width\" content=\"620\" \/>\n\t<meta property=\"og:image:height\" content=\"414\" \/>\n\t<meta property=\"og:image:type\" content=\"image\/jpeg\" \/>\n<meta name=\"author\" content=\"Mia Mattarello\" \/>\n<meta name=\"twitter:card\" content=\"summary_large_image\" \/>\n<meta name=\"twitter:creator\" content=\"@mattarellogirl\" \/>\n<meta name=\"twitter:site\" content=\"@mattarellogirl\" \/>\n<meta name=\"twitter:label1\" content=\"Escrito por\" \/>\n\t<meta name=\"twitter:data1\" content=\"Mia Mattarello\" \/>\n\t<meta name=\"twitter:label2\" content=\"Tiempo de lectura\" \/>\n\t<meta name=\"twitter:data2\" content=\"4 minutos\" \/>\n<script type=\"application\/ld+json\" class=\"yoast-schema-graph\">{\"@context\":\"https:\\\/\\\/schema.org\",\"@graph\":[{\"@type\":\"WebPage\",\"@id\":\"https:\\\/\\\/www.laragazzacolmattarello.com\\\/es\\\/mezze-maniche-con-jamon-speck-rucula-y-tomates-cherry\\\/\",\"url\":\"https:\\\/\\\/www.laragazzacolmattarello.com\\\/es\\\/mezze-maniche-con-jamon-speck-rucula-y-tomates-cherry\\\/\",\"name\":\"Mezze maniche con jam\u00f3n speck, r\u00facula y tomates cherry ~ La ragazza col mattarello\",\"isPartOf\":{\"@id\":\"https:\\\/\\\/www.laragazzacolmattarello.com\\\/es\\\/#website\"},\"primaryImageOfPage\":{\"@id\":\"https:\\\/\\\/www.laragazzacolmattarello.com\\\/es\\\/mezze-maniche-con-jamon-speck-rucula-y-tomates-cherry\\\/#primaryimage\"},\"image\":{\"@id\":\"https:\\\/\\\/www.laragazzacolmattarello.com\\\/es\\\/mezze-maniche-con-jamon-speck-rucula-y-tomates-cherry\\\/#primaryimage\"},\"thumbnailUrl\":\"https:\\\/\\\/www.laragazzacolmattarello.com\\\/wp-content\\\/uploads\\\/2013\\\/03\\\/IMG_5245mr.jpg\",\"datePublished\":\"2013-03-22T00:54:40+00:00\",\"dateModified\":\"2013-04-02T11:23:03+00:00\",\"description\":\"Quiero dar unas cuantas semanas de vacaciones a la pasta, porque tengo miedo de que se \\\"queme\\\", pero no sin antes haberos dado la receta de la que hablar\u00e9\",\"breadcrumb\":{\"@id\":\"https:\\\/\\\/www.laragazzacolmattarello.com\\\/es\\\/mezze-maniche-con-jamon-speck-rucula-y-tomates-cherry\\\/#breadcrumb\"},\"inLanguage\":\"es\",\"potentialAction\":[{\"@type\":\"ReadAction\",\"target\":[\"https:\\\/\\\/www.laragazzacolmattarello.com\\\/es\\\/mezze-maniche-con-jamon-speck-rucula-y-tomates-cherry\\\/\"]}]},{\"@type\":\"ImageObject\",\"inLanguage\":\"es\",\"@id\":\"https:\\\/\\\/www.laragazzacolmattarello.com\\\/es\\\/mezze-maniche-con-jamon-speck-rucula-y-tomates-cherry\\\/#primaryimage\",\"url\":\"https:\\\/\\\/www.laragazzacolmattarello.com\\\/wp-content\\\/uploads\\\/2013\\\/03\\\/IMG_5245mr.jpg\",\"contentUrl\":\"https:\\\/\\\/www.laragazzacolmattarello.com\\\/wp-content\\\/uploads\\\/2013\\\/03\\\/IMG_5245mr.jpg\",\"width\":620,\"height\":414},{\"@type\":\"BreadcrumbList\",\"@id\":\"https:\\\/\\\/www.laragazzacolmattarello.com\\\/es\\\/mezze-maniche-con-jamon-speck-rucula-y-tomates-cherry\\\/#breadcrumb\",\"itemListElement\":[{\"@type\":\"ListItem\",\"position\":1,\"name\":\"Inicio\",\"item\":\"https:\\\/\\\/www.laragazzacolmattarello.com\\\/es\\\/\"},{\"@type\":\"ListItem\",\"position\":2,\"name\":\"Mezze maniche con jam\u00f3n speck, r\u00facula y tomates cherry\"}]},{\"@type\":\"WebSite\",\"@id\":\"https:\\\/\\\/www.laragazzacolmattarello.com\\\/es\\\/#website\",\"url\":\"https:\\\/\\\/www.laragazzacolmattarello.com\\\/es\\\/\",\"name\":\"La ragazza col mattarello\",\"description\":\"Recetas tradicionales italianas\",\"publisher\":{\"@id\":\"https:\\\/\\\/www.laragazzacolmattarello.com\\\/es\\\/#organization\"},\"potentialAction\":[{\"@type\":\"SearchAction\",\"target\":{\"@type\":\"EntryPoint\",\"urlTemplate\":\"https:\\\/\\\/www.laragazzacolmattarello.com\\\/es\\\/?s={search_term_string}\"},\"query-input\":{\"@type\":\"PropertyValueSpecification\",\"valueRequired\":true,\"valueName\":\"search_term_string\"}}],\"inLanguage\":\"es\"},{\"@type\":\"Organization\",\"@id\":\"https:\\\/\\\/www.laragazzacolmattarello.com\\\/es\\\/#organization\",\"name\":\"La ragazza col mattarello\",\"url\":\"https:\\\/\\\/www.laragazzacolmattarello.com\\\/es\\\/\",\"logo\":{\"@type\":\"ImageObject\",\"inLanguage\":\"es\",\"@id\":\"https:\\\/\\\/www.laragazzacolmattarello.com\\\/es\\\/#\\\/schema\\\/logo\\\/image\\\/\",\"url\":\"https:\\\/\\\/www.laragazzacolmattarello.com\\\/wp-content\\\/uploads\\\/2019\\\/10\\\/la_ragazza_col_mattarello_192x192_PWA.png\",\"contentUrl\":\"https:\\\/\\\/www.laragazzacolmattarello.com\\\/wp-content\\\/uploads\\\/2019\\\/10\\\/la_ragazza_col_mattarello_192x192_PWA.png\",\"width\":192,\"height\":192,\"caption\":\"La ragazza col mattarello\"},\"image\":{\"@id\":\"https:\\\/\\\/www.laragazzacolmattarello.com\\\/es\\\/#\\\/schema\\\/logo\\\/image\\\/\"},\"sameAs\":[\"https:\\\/\\\/www.facebook.com\\\/laragazzacolmattarello\",\"https:\\\/\\\/x.com\\\/mattarellogirl\",\"https:\\\/\\\/www.instagram.com\\\/mattarellogirl\\\/\",\"https:\\\/\\\/www.pinterest.com\\\/mattarellogirl\\\/\",\"https:\\\/\\\/www.youtube.com\\\/@laragazzacolmattarello\"]}]}<\/script>\n<!-- \/ Yoast SEO plugin. -->","yoast_head_json":{"title":"Mezze maniche con jam\u00f3n speck, r\u00facula y tomates cherry ~ La ragazza col mattarello","description":"Quiero dar unas cuantas semanas de vacaciones a la pasta, porque tengo miedo de que se \"queme\", pero no sin antes haberos dado la receta de la que hablar\u00e9","robots":{"index":"index","follow":"follow","max-snippet":"max-snippet:-1","max-image-preview":"max-image-preview:large","max-video-preview":"max-video-preview:-1"},"canonical":"https:\/\/www.laragazzacolmattarello.com\/es\/mezze-maniche-con-jamon-speck-rucula-y-tomates-cherry\/","og_locale":"es_ES","og_type":"article","og_title":"Mezze maniche con jam\u00f3n speck, r\u00facula y tomates cherry ~ La ragazza col mattarello","og_description":"Quiero dar unas cuantas semanas de vacaciones a la pasta, porque tengo miedo de que se \"queme\", pero no sin antes haberos dado la receta de la que hablar\u00e9","og_url":"https:\/\/www.laragazzacolmattarello.com\/es\/mezze-maniche-con-jamon-speck-rucula-y-tomates-cherry\/","og_site_name":"La ragazza col mattarello","article_publisher":"https:\/\/www.facebook.com\/laragazzacolmattarello","article_published_time":"2013-03-22T00:54:40+00:00","article_modified_time":"2013-04-02T11:23:03+00:00","og_image":[{"width":620,"height":414,"url":"https:\/\/www.laragazzacolmattarello.com\/wp-content\/uploads\/2013\/03\/IMG_5245mr.jpg","type":"image\/jpeg"}],"author":"Mia Mattarello","twitter_card":"summary_large_image","twitter_creator":"@mattarellogirl","twitter_site":"@mattarellogirl","twitter_misc":{"Escrito por":"Mia Mattarello","Tiempo de lectura":"4 minutos"},"schema":{"@context":"https:\/\/schema.org","@graph":[{"@type":"WebPage","@id":"https:\/\/www.laragazzacolmattarello.com\/es\/mezze-maniche-con-jamon-speck-rucula-y-tomates-cherry\/","url":"https:\/\/www.laragazzacolmattarello.com\/es\/mezze-maniche-con-jamon-speck-rucula-y-tomates-cherry\/","name":"Mezze maniche con jam\u00f3n speck, r\u00facula y tomates cherry ~ La ragazza col mattarello","isPartOf":{"@id":"https:\/\/www.laragazzacolmattarello.com\/es\/#website"},"primaryImageOfPage":{"@id":"https:\/\/www.laragazzacolmattarello.com\/es\/mezze-maniche-con-jamon-speck-rucula-y-tomates-cherry\/#primaryimage"},"image":{"@id":"https:\/\/www.laragazzacolmattarello.com\/es\/mezze-maniche-con-jamon-speck-rucula-y-tomates-cherry\/#primaryimage"},"thumbnailUrl":"https:\/\/www.laragazzacolmattarello.com\/wp-content\/uploads\/2013\/03\/IMG_5245mr.jpg","datePublished":"2013-03-22T00:54:40+00:00","dateModified":"2013-04-02T11:23:03+00:00","description":"Quiero dar unas cuantas semanas de vacaciones a la pasta, porque tengo miedo de que se \"queme\", pero no sin antes haberos dado la receta de la que hablar\u00e9","breadcrumb":{"@id":"https:\/\/www.laragazzacolmattarello.com\/es\/mezze-maniche-con-jamon-speck-rucula-y-tomates-cherry\/#breadcrumb"},"inLanguage":"es","potentialAction":[{"@type":"ReadAction","target":["https:\/\/www.laragazzacolmattarello.com\/es\/mezze-maniche-con-jamon-speck-rucula-y-tomates-cherry\/"]}]},{"@type":"ImageObject","inLanguage":"es","@id":"https:\/\/www.laragazzacolmattarello.com\/es\/mezze-maniche-con-jamon-speck-rucula-y-tomates-cherry\/#primaryimage","url":"https:\/\/www.laragazzacolmattarello.com\/wp-content\/uploads\/2013\/03\/IMG_5245mr.jpg","contentUrl":"https:\/\/www.laragazzacolmattarello.com\/wp-content\/uploads\/2013\/03\/IMG_5245mr.jpg","width":620,"height":414},{"@type":"BreadcrumbList","@id":"https:\/\/www.laragazzacolmattarello.com\/es\/mezze-maniche-con-jamon-speck-rucula-y-tomates-cherry\/#breadcrumb","itemListElement":[{"@type":"ListItem","position":1,"name":"Inicio","item":"https:\/\/www.laragazzacolmattarello.com\/es\/"},{"@type":"ListItem","position":2,"name":"Mezze maniche con jam\u00f3n speck, r\u00facula y tomates cherry"}]},{"@type":"WebSite","@id":"https:\/\/www.laragazzacolmattarello.com\/es\/#website","url":"https:\/\/www.laragazzacolmattarello.com\/es\/","name":"La ragazza col mattarello","description":"Recetas tradicionales italianas","publisher":{"@id":"https:\/\/www.laragazzacolmattarello.com\/es\/#organization"},"potentialAction":[{"@type":"SearchAction","target":{"@type":"EntryPoint","urlTemplate":"https:\/\/www.laragazzacolmattarello.com\/es\/?s={search_term_string}"},"query-input":{"@type":"PropertyValueSpecification","valueRequired":true,"valueName":"search_term_string"}}],"inLanguage":"es"},{"@type":"Organization","@id":"https:\/\/www.laragazzacolmattarello.com\/es\/#organization","name":"La ragazza col mattarello","url":"https:\/\/www.laragazzacolmattarello.com\/es\/","logo":{"@type":"ImageObject","inLanguage":"es","@id":"https:\/\/www.laragazzacolmattarello.com\/es\/#\/schema\/logo\/image\/","url":"https:\/\/www.laragazzacolmattarello.com\/wp-content\/uploads\/2019\/10\/la_ragazza_col_mattarello_192x192_PWA.png","contentUrl":"https:\/\/www.laragazzacolmattarello.com\/wp-content\/uploads\/2019\/10\/la_ragazza_col_mattarello_192x192_PWA.png","width":192,"height":192,"caption":"La ragazza col mattarello"},"image":{"@id":"https:\/\/www.laragazzacolmattarello.com\/es\/#\/schema\/logo\/image\/"},"sameAs":["https:\/\/www.facebook.com\/laragazzacolmattarello","https:\/\/x.com\/mattarellogirl","https:\/\/www.instagram.com\/mattarellogirl\/","https:\/\/www.pinterest.com\/mattarellogirl\/","https:\/\/www.youtube.com\/@laragazzacolmattarello"]}]}},"amp_enabled":true,"_links":{"self":[{"href":"https:\/\/www.laragazzacolmattarello.com\/es\/wp-json\/wp\/v2\/posts\/695","targetHints":{"allow":["GET"]}}],"collection":[{"href":"https:\/\/www.laragazzacolmattarello.com\/es\/wp-json\/wp\/v2\/posts"}],"about":[{"href":"https:\/\/www.laragazzacolmattarello.com\/es\/wp-json\/wp\/v2\/types\/post"}],"author":[{"embeddable":true,"href":"https:\/\/www.laragazzacolmattarello.com\/es\/wp-json\/wp\/v2\/users\/1"}],"replies":[{"embeddable":true,"href":"https:\/\/www.laragazzacolmattarello.com\/es\/wp-json\/wp\/v2\/comments?post=695"}],"version-history":[{"count":13,"href":"https:\/\/www.laragazzacolmattarello.com\/es\/wp-json\/wp\/v2\/posts\/695\/revisions"}],"predecessor-version":[{"id":696,"href":"https:\/\/www.laragazzacolmattarello.com\/es\/wp-json\/wp\/v2\/posts\/695\/revisions\/696"}],"wp:featuredmedia":[{"embeddable":true,"href":"https:\/\/www.laragazzacolmattarello.com\/es\/wp-json\/wp\/v2\/media\/689"}],"wp:attachment":[{"href":"https:\/\/www.laragazzacolmattarello.com\/es\/wp-json\/wp\/v2\/media?parent=695"}],"wp:term":[{"taxonomy":"category","embeddable":true,"href":"https:\/\/www.laragazzacolmattarello.com\/es\/wp-json\/wp\/v2\/categories?post=695"},{"taxonomy":"post_tag","embeddable":true,"href":"https:\/\/www.laragazzacolmattarello.com\/es\/wp-json\/wp\/v2\/tags?post=695"}],"curies":[{"name":"wp","href":"https:\/\/api.w.org\/{rel}","templated":true}]}}