{"id":5896,"date":"2020-04-29T01:07:58","date_gmt":"2020-04-28T23:07:58","guid":{"rendered":"https:\/\/www.laragazzacolmattarello.com\/?p=5896"},"modified":"2020-04-30T17:43:50","modified_gmt":"2020-04-30T15:43:50","slug":"pasta-con-alcachofas-esparragos-y-guisantes-pasta-primavera-con-asparagi-carciofi-e-piselli","status":"publish","type":"post","link":"https:\/\/www.laragazzacolmattarello.com\/es\/pasta-con-alcachofas-esparragos-y-guisantes-pasta-primavera-con-asparagi-carciofi-e-piselli\/","title":{"rendered":"Pasta con alcachofas, esp\u00e1rragos y guisantes (Pasta primavera con asparagi, carciofi e piselli)"},"content":{"rendered":"<p><img  title=\"Pasta con alcachofas, esp\u00e1rragos y guisantes (Pasta primavera con asparagi, carciofi e piselli) ~ Primeros Recetas  ~ La ragazza col mattarello\" loading=\"lazy\" decoding=\"async\" class=\"aligncenter size-full wp-image-5898\" src=\"https:\/\/www.laragazzacolmattarello.com\/wp-content\/uploads\/2020\/04\/Pasta-con-alcachofas-esp\u00e1rragos-y-guisantes-Pasta-primavera-con-asparagi-carciofi-e-piselli_194942.jpg\"  alt=\"Pasta con alcachofas, esp\u00e1rragos y guisantes (Pasta primavera con asparagi, carciofi e piselli) ~ Primeros Recetas  ~ La ragazza col mattarello\"  width=\"1920\" height=\"1440\" srcset=\"https:\/\/www.laragazzacolmattarello.com\/wp-content\/uploads\/2020\/04\/Pasta-con-alcachofas-esp\u00e1rragos-y-guisantes-Pasta-primavera-con-asparagi-carciofi-e-piselli_194942.jpg 1920w, https:\/\/www.laragazzacolmattarello.com\/wp-content\/uploads\/2020\/04\/Pasta-con-alcachofas-esp\u00e1rragos-y-guisantes-Pasta-primavera-con-asparagi-carciofi-e-piselli_194942-768x576.jpg 768w, https:\/\/www.laragazzacolmattarello.com\/wp-content\/uploads\/2020\/04\/Pasta-con-alcachofas-esp\u00e1rragos-y-guisantes-Pasta-primavera-con-asparagi-carciofi-e-piselli_194942-500x375.jpg 500w\" sizes=\"auto, (max-width: 1920px) 100vw, 1920px\" \/><\/p>\n<p>&nbsp;<\/p>\n<p>Pasta con verduras t\u00edpicas de final de invierno-inicio de primavera: alcachofas, esp\u00e1rragos y guisantes. Una de mis preferidas y que demuestra a la perfecci\u00f3n que se puede cocinar un plato de pasta jugos\u00edsimo y lleno de sabor sin tener que recurrir al tomate, carnes o inventos raros.<\/p>\n<p>&nbsp;<\/p>\n<p><img  title=\"Pasta con alcachofas, esp\u00e1rragos y guisantes (Pasta primavera con asparagi, carciofi e piselli) ~ Primeros Recetas  ~ La ragazza col mattarello\" loading=\"lazy\" decoding=\"async\" class=\"aligncenter size-full wp-image-5901\" src=\"https:\/\/www.laragazzacolmattarello.com\/wp-content\/uploads\/2020\/04\/Pasta-con-alcachofas-esp\u00e1rragos-y-guisantes-Pasta-primavera-con-asparagi-carciofi-e-piselli_231917.jpg\"  alt=\"Pasta con alcachofas, esp\u00e1rragos y guisantes (Pasta primavera con asparagi, carciofi e piselli) ~ Primeros Recetas  ~ La ragazza col mattarello\"  width=\"1920\" height=\"1440\" srcset=\"https:\/\/www.laragazzacolmattarello.com\/wp-content\/uploads\/2020\/04\/Pasta-con-alcachofas-esp\u00e1rragos-y-guisantes-Pasta-primavera-con-asparagi-carciofi-e-piselli_231917.jpg 1920w, https:\/\/www.laragazzacolmattarello.com\/wp-content\/uploads\/2020\/04\/Pasta-con-alcachofas-esp\u00e1rragos-y-guisantes-Pasta-primavera-con-asparagi-carciofi-e-piselli_231917-768x576.jpg 768w, https:\/\/www.laragazzacolmattarello.com\/wp-content\/uploads\/2020\/04\/Pasta-con-alcachofas-esp\u00e1rragos-y-guisantes-Pasta-primavera-con-asparagi-carciofi-e-piselli_231917-500x375.jpg 500w\" sizes=\"auto, (max-width: 1920px) 100vw, 1920px\" \/><\/p>\n<p>&nbsp;<\/p>\n<p>&nbsp;<\/p>\n<p><img  title=\"Pasta con alcachofas, esp\u00e1rragos y guisantes (Pasta primavera con asparagi, carciofi e piselli) ~ Primeros Recetas  ~ La ragazza col mattarello\" loading=\"lazy\" decoding=\"async\" class=\"aligncenter size-full wp-image-5904\" src=\"https:\/\/www.laragazzacolmattarello.com\/wp-content\/uploads\/2020\/04\/Pasta-con-alcachofas-esp\u00e1rragos-y-guisantes-Pasta-primavera-con-asparagi-carciofi-e-piselli_232155.jpg\"  alt=\"Pasta con alcachofas, esp\u00e1rragos y guisantes (Pasta primavera con asparagi, carciofi e piselli) ~ Primeros Recetas  ~ La ragazza col mattarello\"  width=\"1920\" height=\"1440\" srcset=\"https:\/\/www.laragazzacolmattarello.com\/wp-content\/uploads\/2020\/04\/Pasta-con-alcachofas-esp\u00e1rragos-y-guisantes-Pasta-primavera-con-asparagi-carciofi-e-piselli_232155.jpg 1920w, https:\/\/www.laragazzacolmattarello.com\/wp-content\/uploads\/2020\/04\/Pasta-con-alcachofas-esp\u00e1rragos-y-guisantes-Pasta-primavera-con-asparagi-carciofi-e-piselli_232155-768x576.jpg 768w, https:\/\/www.laragazzacolmattarello.com\/wp-content\/uploads\/2020\/04\/Pasta-con-alcachofas-esp\u00e1rragos-y-guisantes-Pasta-primavera-con-asparagi-carciofi-e-piselli_232155-500x375.jpg 500w\" sizes=\"auto, (max-width: 1920px) 100vw, 1920px\" \/><\/p>\n<p>&nbsp;<\/p>\n<p>[adinserter name=\u00bbLRCM RESP 1&#8243;]<\/p>\n<p>&nbsp;<\/p>\n<p><img  title=\"Pasta con alcachofas, esp\u00e1rragos y guisantes (Pasta primavera con asparagi, carciofi e piselli) ~ Primeros Recetas  ~ La ragazza col mattarello\" loading=\"lazy\" decoding=\"async\" class=\"aligncenter size-full wp-image-5907\" src=\"https:\/\/www.laragazzacolmattarello.com\/wp-content\/uploads\/2020\/04\/Pasta-con-alcachofas-esp\u00e1rragos-y-guisantes-Pasta-primavera-con-asparagi-carciofi-e-piselli_232411.jpg\"  alt=\"Pasta con alcachofas, esp\u00e1rragos y guisantes (Pasta primavera con asparagi, carciofi e piselli) ~ Primeros Recetas  ~ La ragazza col mattarello\"  width=\"1920\" height=\"1440\" srcset=\"https:\/\/www.laragazzacolmattarello.com\/wp-content\/uploads\/2020\/04\/Pasta-con-alcachofas-esp\u00e1rragos-y-guisantes-Pasta-primavera-con-asparagi-carciofi-e-piselli_232411.jpg 1920w, https:\/\/www.laragazzacolmattarello.com\/wp-content\/uploads\/2020\/04\/Pasta-con-alcachofas-esp\u00e1rragos-y-guisantes-Pasta-primavera-con-asparagi-carciofi-e-piselli_232411-768x576.jpg 768w, https:\/\/www.laragazzacolmattarello.com\/wp-content\/uploads\/2020\/04\/Pasta-con-alcachofas-esp\u00e1rragos-y-guisantes-Pasta-primavera-con-asparagi-carciofi-e-piselli_232411-500x375.jpg 500w\" sizes=\"auto, (max-width: 1920px) 100vw, 1920px\" \/><\/p>\n<p>&nbsp;<\/p>\n<p>&nbsp;<\/p>\n<p><img  title=\"Pasta con alcachofas, esp\u00e1rragos y guisantes (Pasta primavera con asparagi, carciofi e piselli) ~ Primeros Recetas  ~ La ragazza col mattarello\" loading=\"lazy\" decoding=\"async\" class=\"aligncenter size-full wp-image-5910\" src=\"https:\/\/www.laragazzacolmattarello.com\/wp-content\/uploads\/2020\/04\/Pasta-con-alcachofas-esp\u00e1rragos-y-guisantes-Pasta-primavera-con-asparagi-carciofi-e-piselli_232416.jpg\"  alt=\"Pasta con alcachofas, esp\u00e1rragos y guisantes (Pasta primavera con asparagi, carciofi e piselli) ~ Primeros Recetas  ~ La ragazza col mattarello\"  width=\"1920\" height=\"1440\" srcset=\"https:\/\/www.laragazzacolmattarello.com\/wp-content\/uploads\/2020\/04\/Pasta-con-alcachofas-esp\u00e1rragos-y-guisantes-Pasta-primavera-con-asparagi-carciofi-e-piselli_232416.jpg 1920w, https:\/\/www.laragazzacolmattarello.com\/wp-content\/uploads\/2020\/04\/Pasta-con-alcachofas-esp\u00e1rragos-y-guisantes-Pasta-primavera-con-asparagi-carciofi-e-piselli_232416-768x576.jpg 768w, https:\/\/www.laragazzacolmattarello.com\/wp-content\/uploads\/2020\/04\/Pasta-con-alcachofas-esp\u00e1rragos-y-guisantes-Pasta-primavera-con-asparagi-carciofi-e-piselli_232416-500x375.jpg 500w\" sizes=\"auto, (max-width: 1920px) 100vw, 1920px\" \/><\/p>\n<p>&nbsp;<\/p>\n<p>&nbsp;<\/p>\n<p><img  title=\"Pasta con alcachofas, esp\u00e1rragos y guisantes (Pasta primavera con asparagi, carciofi e piselli) ~ Primeros Recetas  ~ La ragazza col mattarello\" loading=\"lazy\" decoding=\"async\" class=\"aligncenter size-full wp-image-5913\" src=\"https:\/\/www.laragazzacolmattarello.com\/wp-content\/uploads\/2020\/04\/Pasta-con-alcachofas-esp\u00e1rragos-y-guisantes-Pasta-primavera-con-asparagi-carciofi-e-piselli_232909.jpg\"  alt=\"Pasta con alcachofas, esp\u00e1rragos y guisantes (Pasta primavera con asparagi, carciofi e piselli) ~ Primeros Recetas  ~ La ragazza col mattarello\"  width=\"1920\" height=\"1440\" srcset=\"https:\/\/www.laragazzacolmattarello.com\/wp-content\/uploads\/2020\/04\/Pasta-con-alcachofas-esp\u00e1rragos-y-guisantes-Pasta-primavera-con-asparagi-carciofi-e-piselli_232909.jpg 1920w, https:\/\/www.laragazzacolmattarello.com\/wp-content\/uploads\/2020\/04\/Pasta-con-alcachofas-esp\u00e1rragos-y-guisantes-Pasta-primavera-con-asparagi-carciofi-e-piselli_232909-768x576.jpg 768w, https:\/\/www.laragazzacolmattarello.com\/wp-content\/uploads\/2020\/04\/Pasta-con-alcachofas-esp\u00e1rragos-y-guisantes-Pasta-primavera-con-asparagi-carciofi-e-piselli_232909-500x375.jpg 500w\" sizes=\"auto, (max-width: 1920px) 100vw, 1920px\" \/><\/p>\n<p>&nbsp;<\/p>\n<p>&nbsp;<\/p>\n<p><img  title=\"Pasta con alcachofas, esp\u00e1rragos y guisantes (Pasta primavera con asparagi, carciofi e piselli) ~ Primeros Recetas  ~ La ragazza col mattarello\" loading=\"lazy\" decoding=\"async\" class=\"aligncenter size-full wp-image-5916\" src=\"https:\/\/www.laragazzacolmattarello.com\/wp-content\/uploads\/2020\/04\/Pasta-con-alcachofas-esp\u00e1rragos-y-guisantes-Pasta-primavera-con-asparagi-carciofi-e-piselli_234141.jpg\"  alt=\"Pasta con alcachofas, esp\u00e1rragos y guisantes (Pasta primavera con asparagi, carciofi e piselli) ~ Primeros Recetas  ~ La ragazza col mattarello\"  width=\"1920\" height=\"1440\" srcset=\"https:\/\/www.laragazzacolmattarello.com\/wp-content\/uploads\/2020\/04\/Pasta-con-alcachofas-esp\u00e1rragos-y-guisantes-Pasta-primavera-con-asparagi-carciofi-e-piselli_234141.jpg 1920w, https:\/\/www.laragazzacolmattarello.com\/wp-content\/uploads\/2020\/04\/Pasta-con-alcachofas-esp\u00e1rragos-y-guisantes-Pasta-primavera-con-asparagi-carciofi-e-piselli_234141-768x576.jpg 768w, https:\/\/www.laragazzacolmattarello.com\/wp-content\/uploads\/2020\/04\/Pasta-con-alcachofas-esp\u00e1rragos-y-guisantes-Pasta-primavera-con-asparagi-carciofi-e-piselli_234141-500x375.jpg 500w\" sizes=\"auto, (max-width: 1920px) 100vw, 1920px\" \/><\/p>\n<p>&nbsp;<\/p>\n<p>[adinserter name=\u00bbLRCM RESP 1&#8243;]<\/p>\n<p>Las verduras y el agua de cocci\u00f3n son suficientes para crear una salsa super dulce y delicada a la que, si se le a\u00f1ade un poquito de queso para hacerla un poquito m\u00e1s densa, recubre la pasta perfectamente. Un poquito de pimienta negra y\/o cayena y ya nos la terminan de alegrar del todo.<\/p>\n<p>&nbsp;<\/p>\n<p><img  title=\"Pasta con alcachofas, esp\u00e1rragos y guisantes (Pasta primavera con asparagi, carciofi e piselli) ~ Primeros Recetas  ~ La ragazza col mattarello\" loading=\"lazy\" decoding=\"async\" class=\"aligncenter size-full wp-image-5922\" src=\"https:\/\/www.laragazzacolmattarello.com\/wp-content\/uploads\/2020\/04\/Pasta-con-alcachofas-esp\u00e1rragos-y-guisantes-Pasta-primavera-con-asparagi-carciofi-e-piselli_413816_COVER.jpg\"  alt=\"Pasta con alcachofas, esp\u00e1rragos y guisantes (Pasta primavera con asparagi, carciofi e piselli) ~ Primeros Recetas  ~ La ragazza col mattarello\"  width=\"1920\" height=\"1440\" srcset=\"https:\/\/www.laragazzacolmattarello.com\/wp-content\/uploads\/2020\/04\/Pasta-con-alcachofas-esp\u00e1rragos-y-guisantes-Pasta-primavera-con-asparagi-carciofi-e-piselli_413816_COVER.jpg 1920w, https:\/\/www.laragazzacolmattarello.com\/wp-content\/uploads\/2020\/04\/Pasta-con-alcachofas-esp\u00e1rragos-y-guisantes-Pasta-primavera-con-asparagi-carciofi-e-piselli_413816_COVER-768x576.jpg 768w, https:\/\/www.laragazzacolmattarello.com\/wp-content\/uploads\/2020\/04\/Pasta-con-alcachofas-esp\u00e1rragos-y-guisantes-Pasta-primavera-con-asparagi-carciofi-e-piselli_413816_COVER-500x375.jpg 500w\" sizes=\"auto, (max-width: 1920px) 100vw, 1920px\" \/><\/p>\n<p>&nbsp;<\/p>\n<p>Nota: No ten\u00eda alcachofas, ni guisantes frescos y he usado congelados. Evidentemente, siempre es preferible usar ingredientes frescos, pero no es imprescindible y agilizan much\u00edsimo la ejecuci\u00f3n del plato.<\/p>\n<p><span style=\"color: #ff0000;\"><strong>\u00a1Buen provecho!<\/strong><\/span><\/p>\n<p>&nbsp;<\/p>\n<hr><div class=\"videobox\"><h3>Visita mi canal de YouTube<\/h3>Si a\u00fan no lo has hecho, te invito a suscribirte a mi <a href=\"https:\/\/www.laragazzacolmattarello.com\/me\/youtubewp\"><strong>canal de YouTube<\/strong><\/a> para no perderte ninguna receta nueva.<br>\n        <strong>\u00a1No olvides seguirme en <a href=\"https:\/\/www.laragazzacolmattarello.com\/me\/igwp\" target=\"_new\" rel=\"noopener\">Instagram<\/a>!<\/strong> All\u00ed comparto m\u00e1s recetas, trucos y contenido especial para los amantes de la cocina italiana.<div class=\"row\">\n        <div class=\"col-xs-12 centertext vspaced\">\n            <h3>\u00a1Las \u00faltimas video recetas de mi canal!<\/h3>\n\n<div id=\"sb_youtube_sbyUCkrxY67wU2ZtStSZsNLPZnw3\" \n\t class=\"sb_youtube sby_layout_gallery sby_col_3 sby_mob_col_1 sby_palette_custom  sby_width_resp\" \n\tdata-feedid=\"sby_UCkrxY67wU2ZtStSZsNLPZnw#3\" \n\tdata-shortcode-atts=\"{&quot;feed&quot;:&quot;2&quot;}\" \n\tdata-cols=\"3\" \n\tdata-colsmobile=\"1\" \n\tdata-num=\"3\" \n\tdata-nummobile=\"3\" \n\tdata-channel-subscribers=\"3.1K subscribers\"\tdata-subscribe-btn=\"1\" \n\tdata-subscribe-btn-text=\"Youtube\" \n\tdata_channel_header_colors =\"{&quot;channelName&quot;:&quot;&quot;,&quot;subscribeCount&quot;:&quot;&quot;,&quot;buttonBackground&quot;:&quot;&quot;,&quot;buttonText&quot;:&quot;&quot;}\"\n\t data-sby-flags=\"resizeDisable\" data-postid=\"5896\" \n\t data-videocardlayout=\"vertical\" \n>\n\t    <div id=\"sby_player_VVVrcnhZNjd3VTJadFN0U1pzTkxQWm53LjlFRS1MTlkyNW1J\" class=\"sby_player_outer_wrap sby_player_item\"  style=\"padding: 15px;padding-bottom: 0;\">\n    <div class=\"sby_video_thumbnail_wrap\">\n        <a class=\"sby_video_thumbnail sby_player_video_thumbnail\" href=\"https:\/\/www.youtube.com\/watch?v=9EE-LNY25mI\" target=\"_blank\" rel=\"noopener\" data-full-res=\"https:\/\/i.ytimg.com\/vi\/9EE-LNY25mI\/maxresdefault.jpg\" data-img-src-set=\"{&quot;120&quot;:&quot;https:\\\/\\\/i.ytimg.com\\\/vi\\\/9EE-LNY25mI\\\/default.jpg&quot;,&quot;320&quot;:&quot;https:\\\/\\\/i.ytimg.com\\\/vi\\\/9EE-LNY25mI\\\/mqdefault.jpg&quot;,&quot;480&quot;:&quot;https:\\\/\\\/i.ytimg.com\\\/vi\\\/9EE-LNY25mI\\\/hqdefault.jpg&quot;,&quot;640&quot;:&quot;https:\\\/\\\/i.ytimg.com\\\/vi\\\/9EE-LNY25mI\\\/sddefault.jpg&quot;}\" data-video-id=\"9EE-LNY25mI\">\n            <span class=\"sby-screenreader\">V\u00eddeo de YouTube VVVrcnhZNjd3VTJadFN0U1pzTkxQWm53LjlFRS1MTlkyNW1J<\/span>\n            <img  title=\"Pasta con alcachofas, esp\u00e1rragos y guisantes (Pasta primavera con asparagi, carciofi e piselli) ~ Primeros Recetas  ~ La ragazza col mattarello\" decoding=\"async\" src=\"https:\/\/www.laragazzacolmattarello.com\/wp-content\/plugins\/feeds-for-youtube\/img\/placeholder.png\"  alt=\"Pasta con alcachofas, esp\u00e1rragos y guisantes (Pasta primavera con asparagi, carciofi e piselli) ~ Primeros Recetas  ~ La ragazza col mattarello\" >\n            <span class=\"sby_loader sby_hidden\" style=\"background-color: rgb(255, 255, 255);\"><\/span>\n        <\/a>\n                    <div class=\"sby_play_btn\">\n            <svg aria-hidden=\"true\" focusable=\"false\" data-prefix=\"fab\" data-icon=\"youtube\" role=\"img\" xmlns=\"http:\/\/www.w3.org\/2000\/svg\" viewBox=\"0 0 576 512\" class=\"svg-inline--fa fa-youtube fa-w-18\"><path fill=\"currentColor\" d=\"M549.655 124.083c-6.281-23.65-24.787-42.276-48.284-48.597C458.781 64 288 64 288 64S117.22 64 74.629 75.486c-23.497 6.322-42.003 24.947-48.284 48.597-11.412 42.867-11.412 132.305-11.412 132.305s0 89.438 11.412 132.305c6.281 23.65 24.787 41.5 48.284 47.821C117.22 448 288 448 288 448s170.78 0 213.371-11.486c23.497-6.321 42.003-24.171 48.284-47.821 11.412-42.867 11.412-132.305 11.412-132.305s0-89.438-11.412-132.305zm-317.51 213.508V175.185l142.739 81.205-142.739 81.201z\" class=\"\"><\/path><\/svg>                <span class=\"sby_play_btn_bg\"><\/span>\n            <\/div>\n                <div class=\"sby_player_wrap\">\n            <div class=\"sby_player\"><\/div>\n        <\/div>\n    <\/div>\n<\/div>\n    <div class=\"sby_items_wrap\" style=\"padding: 15px;\">\n\t\t<div class=\"sby_item  sby_new sby_transition\" id=\"sby_VVVrcnhZNjd3VTJadFN0U1pzTkxQWm53LjlFRS1MTlkyNW1J\" data-date=\"1777043439\" data-video-id=\"9EE-LNY25mI\">\n    <div class=\"sby_inner_item\">\n        <div class=\"sby_video_thumbnail_wrap sby_item_video_thumbnail_wrap\">\n            <a class=\"sby_video_thumbnail sby_item_video_thumbnail\" href=\"https:\/\/www.youtube.com\/watch?v=9EE-LNY25mI\" target=\"_blank\" rel=\"noopener\" data-full-res=\"https:\/\/i.ytimg.com\/vi\/9EE-LNY25mI\/maxresdefault.jpg\" data-img-src-set=\"{&quot;120&quot;:&quot;https:\\\/\\\/i.ytimg.com\\\/vi\\\/9EE-LNY25mI\\\/default.jpg&quot;,&quot;320&quot;:&quot;https:\\\/\\\/i.ytimg.com\\\/vi\\\/9EE-LNY25mI\\\/mqdefault.jpg&quot;,&quot;480&quot;:&quot;https:\\\/\\\/i.ytimg.com\\\/vi\\\/9EE-LNY25mI\\\/hqdefault.jpg&quot;,&quot;640&quot;:&quot;https:\\\/\\\/i.ytimg.com\\\/vi\\\/9EE-LNY25mI\\\/sddefault.jpg&quot;}\" data-video-id=\"9EE-LNY25mI\" data-video-title=\"#Pasta con #habas y #pecorino \ud83d\udd25\u00a1El #secreto es la #brasa! \ud83c\udf3f\ud83e\udd24 \u00a1R\u00fastico y #espectacular! #recetafacil\">\n                <img  title=\"Pasta con alcachofas, esp\u00e1rragos y guisantes (Pasta primavera con asparagi, carciofi e piselli) ~ Primeros Recetas  ~ La ragazza col mattarello\" decoding=\"async\" src=\"https:\/\/www.laragazzacolmattarello.com\/wp-content\/plugins\/feeds-for-youtube\/img\/placeholder.png\"  alt=\"Pasta con alcachofas, esp\u00e1rragos y guisantes (Pasta primavera con asparagi, carciofi e piselli) ~ Primeros Recetas  ~ La ragazza col mattarello\" >\n\n                <div class=\"sby_thumbnail_hover sby_item_video_thumbnail_hover\">\n                    <div class=\"sby_thumbnail_hover_inner\">\n                                                    <span class=\"sby_video_title\" >#Pasta con #habas y #pecorino \ud83d\udd25\u00a1El #secreto es la #brasa! \ud83c\udf3f\ud83e\udd24 \u00a1R\u00fastico y #espectacular! #recetafacil<\/span>\n                                            <\/div>\n                <\/div>\n\n                                    <div class=\"sby_play_btn\" >\n                        <span class=\"sby_play_btn_bg\"><\/span>\n                        <svg aria-hidden=\"true\" focusable=\"false\" data-prefix=\"fab\" data-icon=\"youtube\" role=\"img\" xmlns=\"http:\/\/www.w3.org\/2000\/svg\" viewBox=\"0 0 576 512\" class=\"svg-inline--fa fa-youtube fa-w-18\"><path fill=\"currentColor\" d=\"M549.655 124.083c-6.281-23.65-24.787-42.276-48.284-48.597C458.781 64 288 64 288 64S117.22 64 74.629 75.486c-23.497 6.322-42.003 24.947-48.284 48.597-11.412 42.867-11.412 132.305-11.412 132.305s0 89.438 11.412 132.305c6.281 23.65 24.787 41.5 48.284 47.821C117.22 448 288 448 288 448s170.78 0 213.371-11.486c23.497-6.321 42.003-24.171 48.284-47.821 11.412-42.867 11.412-132.305 11.412-132.305s0-89.438-11.412-132.305zm-317.51 213.508V175.185l142.739 81.205-142.739 81.201z\" class=\"\"><\/path><\/svg>                    <\/div>\n                                <span class=\"sby_loader sby_hidden\" style=\"background-color: rgb(255, 255, 255);\"><\/span>\n            <\/a>\n\n                    <\/div>\n    <\/div>\n<\/div><div class=\"sby_item  sby_new sby_transition\" id=\"sby_VVVrcnhZNjd3VTJadFN0U1pzTkxQWm53Lmg4Y0xlQ0ZKNWEw\" data-date=\"1776545290\" data-video-id=\"h8cLeCFJ5a0\">\n    <div class=\"sby_inner_item\">\n        <div class=\"sby_video_thumbnail_wrap sby_item_video_thumbnail_wrap\">\n            <a class=\"sby_video_thumbnail sby_item_video_thumbnail\" href=\"https:\/\/www.youtube.com\/watch?v=h8cLeCFJ5a0\" target=\"_blank\" rel=\"noopener\" data-full-res=\"https:\/\/i.ytimg.com\/vi\/h8cLeCFJ5a0\/maxresdefault.jpg\" data-img-src-set=\"{&quot;120&quot;:&quot;https:\\\/\\\/i.ytimg.com\\\/vi\\\/h8cLeCFJ5a0\\\/default.jpg&quot;,&quot;320&quot;:&quot;https:\\\/\\\/i.ytimg.com\\\/vi\\\/h8cLeCFJ5a0\\\/mqdefault.jpg&quot;,&quot;480&quot;:&quot;https:\\\/\\\/i.ytimg.com\\\/vi\\\/h8cLeCFJ5a0\\\/hqdefault.jpg&quot;,&quot;640&quot;:&quot;https:\\\/\\\/i.ytimg.com\\\/vi\\\/h8cLeCFJ5a0\\\/sddefault.jpg&quot;}\" data-video-id=\"h8cLeCFJ5a0\" data-video-title=\"\u00a1GRACIAS! \u2764\ufe0f\ud83e\udd79 Celebramos los 3.000 suscriptores con vosotros \ud83c\udf89\">\n                <img  title=\"Pasta con alcachofas, esp\u00e1rragos y guisantes (Pasta primavera con asparagi, carciofi e piselli) ~ Primeros Recetas  ~ La ragazza col mattarello\" decoding=\"async\" src=\"https:\/\/www.laragazzacolmattarello.com\/wp-content\/plugins\/feeds-for-youtube\/img\/placeholder.png\"  alt=\"Pasta con alcachofas, esp\u00e1rragos y guisantes (Pasta primavera con asparagi, carciofi e piselli) ~ Primeros Recetas  ~ La ragazza col mattarello\" >\n\n                <div class=\"sby_thumbnail_hover sby_item_video_thumbnail_hover\">\n                    <div class=\"sby_thumbnail_hover_inner\">\n                                                    <span class=\"sby_video_title\" >\u00a1GRACIAS! \u2764\ufe0f\ud83e\udd79 Celebramos los 3.000 suscriptores con vosotros \ud83c\udf89<\/span>\n                                            <\/div>\n                <\/div>\n\n                                    <div class=\"sby_play_btn\" >\n                        <span class=\"sby_play_btn_bg\"><\/span>\n                        <svg aria-hidden=\"true\" focusable=\"false\" data-prefix=\"fab\" data-icon=\"youtube\" role=\"img\" xmlns=\"http:\/\/www.w3.org\/2000\/svg\" viewBox=\"0 0 576 512\" class=\"svg-inline--fa fa-youtube fa-w-18\"><path fill=\"currentColor\" d=\"M549.655 124.083c-6.281-23.65-24.787-42.276-48.284-48.597C458.781 64 288 64 288 64S117.22 64 74.629 75.486c-23.497 6.322-42.003 24.947-48.284 48.597-11.412 42.867-11.412 132.305-11.412 132.305s0 89.438 11.412 132.305c6.281 23.65 24.787 41.5 48.284 47.821C117.22 448 288 448 288 448s170.78 0 213.371-11.486c23.497-6.321 42.003-24.171 48.284-47.821 11.412-42.867 11.412-132.305 11.412-132.305s0-89.438-11.412-132.305zm-317.51 213.508V175.185l142.739 81.205-142.739 81.201z\" class=\"\"><\/path><\/svg>                    <\/div>\n                                <span class=\"sby_loader sby_hidden\" style=\"background-color: rgb(255, 255, 255);\"><\/span>\n            <\/a>\n\n                    <\/div>\n    <\/div>\n<\/div><div class=\"sby_item  sby_new sby_transition\" id=\"sby_VVVrcnhZNjd3VTJadFN0U1pzTkxQWm53Li0zQWlOcWU5V3k4\" data-date=\"1776242044\" data-video-id=\"-3AiNqe9Wy8\">\n    <div class=\"sby_inner_item\">\n        <div class=\"sby_video_thumbnail_wrap sby_item_video_thumbnail_wrap\">\n            <a class=\"sby_video_thumbnail sby_item_video_thumbnail\" href=\"https:\/\/www.youtube.com\/watch?v=-3AiNqe9Wy8\" target=\"_blank\" rel=\"noopener\" data-full-res=\"https:\/\/i.ytimg.com\/vi\/-3AiNqe9Wy8\/maxresdefault.jpg\" data-img-src-set=\"{&quot;120&quot;:&quot;https:\\\/\\\/i.ytimg.com\\\/vi\\\/-3AiNqe9Wy8\\\/default.jpg&quot;,&quot;320&quot;:&quot;https:\\\/\\\/i.ytimg.com\\\/vi\\\/-3AiNqe9Wy8\\\/mqdefault.jpg&quot;,&quot;480&quot;:&quot;https:\\\/\\\/i.ytimg.com\\\/vi\\\/-3AiNqe9Wy8\\\/hqdefault.jpg&quot;,&quot;640&quot;:&quot;https:\\\/\\\/i.ytimg.com\\\/vi\\\/-3AiNqe9Wy8\\\/sddefault.jpg&quot;}\" data-video-id=\"-3AiNqe9Wy8\" data-video-title=\"#Risotto con #Radicchio y #Gorgonzola \ud83e\uddc0 \ud83c\udf30 \u00a1El contraste de texturas que se hace #equilibrio! #arroz\">\n                <img  title=\"Pasta con alcachofas, esp\u00e1rragos y guisantes (Pasta primavera con asparagi, carciofi e piselli) ~ Primeros Recetas  ~ La ragazza col mattarello\" decoding=\"async\" src=\"https:\/\/www.laragazzacolmattarello.com\/wp-content\/plugins\/feeds-for-youtube\/img\/placeholder.png\"  alt=\"Pasta con alcachofas, esp\u00e1rragos y guisantes (Pasta primavera con asparagi, carciofi e piselli) ~ Primeros Recetas  ~ La ragazza col mattarello\" >\n\n                <div class=\"sby_thumbnail_hover sby_item_video_thumbnail_hover\">\n                    <div class=\"sby_thumbnail_hover_inner\">\n                                                    <span class=\"sby_video_title\" >#Risotto con #Radicchio y #Gorgonzola \ud83e\uddc0 \ud83c\udf30 \u00a1El contraste de texturas que se hace #equilibrio! #arroz<\/span>\n                                            <\/div>\n                <\/div>\n\n                                    <div class=\"sby_play_btn\" >\n                        <span class=\"sby_play_btn_bg\"><\/span>\n                        <svg aria-hidden=\"true\" focusable=\"false\" data-prefix=\"fab\" data-icon=\"youtube\" role=\"img\" xmlns=\"http:\/\/www.w3.org\/2000\/svg\" viewBox=\"0 0 576 512\" class=\"svg-inline--fa fa-youtube fa-w-18\"><path fill=\"currentColor\" d=\"M549.655 124.083c-6.281-23.65-24.787-42.276-48.284-48.597C458.781 64 288 64 288 64S117.22 64 74.629 75.486c-23.497 6.322-42.003 24.947-48.284 48.597-11.412 42.867-11.412 132.305-11.412 132.305s0 89.438 11.412 132.305c6.281 23.65 24.787 41.5 48.284 47.821C117.22 448 288 448 288 448s170.78 0 213.371-11.486c23.497-6.321 42.003-24.171 48.284-47.821 11.412-42.867 11.412-132.305 11.412-132.305s0-89.438-11.412-132.305zm-317.51 213.508V175.185l142.739 81.205-142.739 81.201z\" class=\"\"><\/path><\/svg>                    <\/div>\n                                <span class=\"sby_loader sby_hidden\" style=\"background-color: rgb(255, 255, 255);\"><\/span>\n            <\/a>\n\n                    <\/div>\n    <\/div>\n<\/div>    <\/div>\n    \n\t<div class=\"sby_footer\">\n\n\n<\/div>\n    \n\t\n<\/div>\n\n\t<style type=\"text\/css\">\n\t\t\t\t\t\t\tbody #sb_youtube_sbyUCkrxY67wU2ZtStSZsNLPZnw3.sb_youtube.sby_palette_custom .sby_follow_btn a {\n\t\t\tbackground: #c91f1f;\n\t\t}\n    \t\t\tbody #sb_youtube_sbyUCkrxY67wU2ZtStSZsNLPZnw3.sb_youtube.sby_palette_custom .sby_footer .sby_load_btn {\n\t\t\tbackground: #c91f1f;\n\t\t}\n        <\/style>\n\t<style type=\"text\/css\">body #sb_youtube_sbyUCkrxY67wU2ZtStSZsNLPZnw3 .sby_load_btn:hover { background: #c91f1f !important}body #sb_youtube_sbyUCkrxY67wU2ZtStSZsNLPZnw3 .sby_caption_wrap .sby_caption { font-size: 13px !important}body #sb_youtube_sbyUCkrxY67wU2ZtStSZsNLPZnw3 .sby_follow_btn a:hover { box-shadow:inset 0 0 10px 20px rgb(255, 255, 255, .25) !important}body #sb_youtube_sbyUCkrxY67wU2ZtStSZsNLPZnw3[data-videostyle=boxed] .sby_items_wrap .sby_item .sby_inner_item { background-color: #ffffff !important}<\/style><script type=\"text\/javascript\">if (typeof sbyOptions === \"undefined\") var sbyOptions = {\"adminAjaxUrl\":\"https:\\\/\\\/www.laragazzacolmattarello.com\\\/wp-admin\\\/admin-ajax.php\",\"placeholder\":\"https:\\\/\\\/www.laragazzacolmattarello.com\\\/wp-content\\\/plugins\\\/feeds-for-youtube\\\/img\\\/placeholder.png\",\"placeholderNarrow\":\"https:\\\/\\\/www.laragazzacolmattarello.com\\\/wp-content\\\/plugins\\\/feeds-for-youtube\\\/img\\\/placeholder-narrow.png\",\"lightboxPlaceholder\":\"https:\\\/\\\/www.laragazzacolmattarello.com\\\/wp-content\\\/plugins\\\/feeds-for-youtube\\\/img\\\/lightbox-placeholder.png\",\"lightboxPlaceholderNarrow\":\"https:\\\/\\\/www.laragazzacolmattarello.com\\\/wp-content\\\/plugins\\\/feeds-for-youtube\\\/img\\\/lightbox-placeholder-narrow.png\",\"autoplay\":true,\"semiEagerload\":true,\"eagerload\":true};<\/script><script type='text\/javascript' src='https:\/\/www.laragazzacolmattarello.com\/wp-content\/plugins\/feeds-for-youtube\/public\/build\/js\/sb-youtube.js'><\/script><\/div>\n    <\/div><\/div><hr><div class=\"centertext\"><h3>La ficha<\/h3><\/div>\n<p>&nbsp;<\/p>\n<div id=\"recipe\"><\/div><div id=\"wprm-recipe-container-5928\" class=\"wprm-recipe-container\" data-recipe-id=\"5928\" data-servings=\"2\"><div class=\"wprm-recipe wprm-recipe-template-lrcm-basic-2\"><div class=\"wprm-container-float-left\">\n    \n<\/div>\n\n\n<div class=\"wprm-spacer\" style=\"height: 5px;\"><\/div>\n<h2 class=\"wprm-recipe-name wprm-block-text-bold\">Pasta con alcachofas, esp\u00e1rragos y guisantes (Pasta primavera con asparagi, carciofi e piselli)<\/h2>\n<div class=\"wprm-spacer\"><\/div>\n<div class=\"wprm-recipe-image wprm-block-image-normal\"><a href=\"https:\/\/www.laragazzacolmattarello.com\/wp-content\/uploads\/2020\/04\/Pasta-con-alcachofas-esp\u00e1rragos-y-guisantes-Pasta-primavera-con-asparagi-carciofi-e-piselli_248705_COVER-1-scaled.jpg\" aria-label=\"Abrir una versi\u00f3n m\u00e1s grande de la imagen de la receta\"><img  title=\"Pasta con alcachofas, esp\u00e1rragos y guisantes (Pasta primavera con asparagi, carciofi e piselli) ~ Primeros Recetas  ~ La ragazza col mattarello\" loading=\"lazy\" decoding=\"async\" style=\"border-width: 10px;border-style: solid;border-color: #ffffff;\" width=\"560\" height=\"420\" src=\"https:\/\/www.laragazzacolmattarello.com\/wp-content\/uploads\/2020\/04\/Pasta-con-alcachofas-esp\u00e1rragos-y-guisantes-Pasta-primavera-con-asparagi-carciofi-e-piselli_248705_COVER-1-scaled.jpg\" class=\"attachment-560x560 size-560x560\"  alt=\"Pasta con alcachofas, esp\u00e1rragos y guisantes (Pasta primavera con asparagi, carciofi e piselli) ~ Primeros Recetas  ~ La ragazza col mattarello\"  srcset=\"https:\/\/www.laragazzacolmattarello.com\/wp-content\/uploads\/2020\/04\/Pasta-con-alcachofas-esp\u00e1rragos-y-guisantes-Pasta-primavera-con-asparagi-carciofi-e-piselli_248705_COVER-1-scaled.jpg 2560w, https:\/\/www.laragazzacolmattarello.com\/wp-content\/uploads\/2020\/04\/Pasta-con-alcachofas-esp\u00e1rragos-y-guisantes-Pasta-primavera-con-asparagi-carciofi-e-piselli_248705_COVER-1-scaled-768x576.jpg 768w, https:\/\/www.laragazzacolmattarello.com\/wp-content\/uploads\/2020\/04\/Pasta-con-alcachofas-esp\u00e1rragos-y-guisantes-Pasta-primavera-con-asparagi-carciofi-e-piselli_248705_COVER-1-scaled-500x375.jpg 500w\" sizes=\"auto, (max-width: 560px) 100vw, 560px\" \/><\/a><\/div>\n<div class=\"wprm-spacer\" style=\"height: 15px;\"><\/div>\n\n\n<div class=\"wprm-spacer\" style=\"height: 5px;\"><\/div>\n<div class=\"wprm-recipe-summary wprm-block-text-normal\"><span style=\"display: block;\">Pasta con verduras t\u00edpicas de final de invierno-inicio de primavera: alcachofas, esp\u00e1rragos y guisantes. Una de mis preferidas y que demuestra a la perfecci\u00f3n que se puede cocinar un plato de pasta jugos\u00edsimo y lleno de sabor  sin tener que recurrir al tomate, carnes o inventos raros. <\/span><\/div>\n<div class=\"wprm-spacer\"><\/div>\n<div class=\"wprm-recipe-meta-container wprm-recipe-tags-container wprm-recipe-details-container wprm-recipe-details-container-columns wprm-block-text-normal\"><div class=\"wprm-recipe-block-container wprm-recipe-block-container-columns wprm-block-text-normal wprm-recipe-tag-container wprm-recipe-course-container\" style=\"\"><span class=\"wprm-recipe-details-label wprm-block-text-bold wprm-recipe-tag-label wprm-recipe-course-label\">Plato: <\/span><span class=\"wprm-recipe-course wprm-block-text-normal\">Primer plato<\/span><\/div><div class=\"wprm-recipe-block-container wprm-recipe-block-container-columns wprm-block-text-normal wprm-recipe-tag-container wprm-recipe-cuisine-container\" style=\"\"><span class=\"wprm-recipe-details-label wprm-block-text-bold wprm-recipe-tag-label wprm-recipe-cuisine-label\">Cocina: <\/span><span class=\"wprm-recipe-cuisine wprm-block-text-normal\">Italiana<\/span><\/div><div class=\"wprm-recipe-block-container wprm-recipe-block-container-columns wprm-block-text-normal wprm-recipe-tag-container wprm-recipe-keyword-container\" style=\"\"><span class=\"wprm-recipe-details-label wprm-block-text-bold wprm-recipe-tag-label wprm-recipe-keyword-label\">Etiquetas: <\/span><span class=\"wprm-recipe-keyword wprm-block-text-normal\">alcachofas, esp\u00e1rragos, guisantes, pasta<\/span><\/div><\/div>\n<div class=\"wprm-spacer\"><\/div>\n<div class=\"wprm-recipe-meta-container wprm-recipe-times-container wprm-recipe-details-container wprm-recipe-details-container-table wprm-block-text-normal wprm-recipe-table-borders-top-bottom wprm-recipe-table-borders-inside\" style=\"border-width: 1px;border-style: dashed;border-color: #666666;\"><div class=\"wprm-recipe-block-container wprm-recipe-block-container-table wprm-block-text-normal wprm-recipe-time-container wprm-recipe-prep-time-container\" style=\"border-width: 1px;border-style: dashed;border-color: #666666;\"><span class=\"wprm-recipe-icon wprm-recipe-time-icon wprm-recipe-prep-time-icon\"><svg xmlns=\"http:\/\/www.w3.org\/2000\/svg\" xmlns:xlink=\"http:\/\/www.w3.org\/1999\/xlink\" x=\"0px\" y=\"0px\" width=\"16px\" height=\"16px\" viewBox=\"0 0 24 24\"><g ><path fill=\"#333333\" d=\"M21,11h2.949C23.466,5.181,18.819,0.534,13,0.051V3h-2V0.051C5.181,0.534,0.534,5.181,0.051,11H3v2H0.051C0.534,18.819,5.181,23.466,11,23.949V21h2v2.949c5.819-0.484,10.466-5.13,10.949-10.949H21V11z M17,13h-5.535L6.613,5.723l1.664-1.109L12.535,11H17V13z\"\/><\/g><\/svg><\/span> <span class=\"wprm-recipe-details-label wprm-block-text-bold wprm-recipe-time-label wprm-recipe-prep-time-label\">Tiempo de preparaci\u00f3n <\/span><span class=\"wprm-recipe-time wprm-block-text-normal\"><span class=\"wprm-recipe-details wprm-recipe-details-minutes wprm-recipe-prep_time wprm-recipe-prep_time-minutes\">15<span class=\"sr-only screen-reader-text wprm-screen-reader-text\"> minutos<\/span><\/span> <span class=\"wprm-recipe-details-unit wprm-recipe-details-minutes wprm-recipe-prep_time-unit wprm-recipe-prep_timeunit-minutes\" aria-hidden=\"true\">minutos<\/span><\/span><\/div><div class=\"wprm-recipe-block-container wprm-recipe-block-container-table wprm-block-text-normal wprm-recipe-time-container wprm-recipe-cook-time-container\" style=\"border-width: 1px;border-style: dashed;border-color: #666666;\"><span class=\"wprm-recipe-icon wprm-recipe-time-icon wprm-recipe-cook-time-icon\"><svg xmlns=\"http:\/\/www.w3.org\/2000\/svg\" xmlns:xlink=\"http:\/\/www.w3.org\/1999\/xlink\" x=\"0px\" y=\"0px\" width=\"16px\" height=\"16px\" viewBox=\"0 0 24 24\"><g ><path fill=\"#333333\" d=\"M21,11h2.949C23.466,5.181,18.819,0.534,13,0.051V3h-2V0.051C5.181,0.534,0.534,5.181,0.051,11H3v2H0.051C0.534,18.819,5.181,23.466,11,23.949V21h2v2.949c5.819-0.484,10.466-5.13,10.949-10.949H21V11z M17,13h-5.535L6.613,5.723l1.664-1.109L12.535,11H17V13z\"\/><\/g><\/svg><\/span> <span class=\"wprm-recipe-details-label wprm-block-text-bold wprm-recipe-time-label wprm-recipe-cook-time-label\">Tiempo de cocci\u00f3n <\/span><span class=\"wprm-recipe-time wprm-block-text-normal\"><span class=\"wprm-recipe-details wprm-recipe-details-minutes wprm-recipe-cook_time wprm-recipe-cook_time-minutes\">25<span class=\"sr-only screen-reader-text wprm-screen-reader-text\"> minutos<\/span><\/span> <span class=\"wprm-recipe-details-unit wprm-recipe-details-minutes wprm-recipe-cook_time-unit wprm-recipe-cook_timeunit-minutes\" aria-hidden=\"true\">minutos<\/span><\/span><\/div><\/div>\n<div class=\"wprm-spacer\"><\/div>\n<div class=\"wprm-recipe-block-container wprm-recipe-block-container-columns wprm-block-text-normal wprm-recipe-servings-container\" style=\"\"><span class=\"wprm-recipe-icon wprm-recipe-servings-icon\"><svg xmlns=\"http:\/\/www.w3.org\/2000\/svg\" xmlns:xlink=\"http:\/\/www.w3.org\/1999\/xlink\" x=\"0px\" y=\"0px\" width=\"16px\" height=\"16px\" viewBox=\"0 0 24 24\"><g ><path fill=\"#333333\" d=\"M10,0C9.4,0,9,0.4,9,1v4H7V1c0-0.6-0.4-1-1-1S5,0.4,5,1v4H3V1c0-0.6-0.4-1-1-1S1,0.4,1,1v8c0,1.7,1.3,3,3,3v10c0,1.1,0.9,2,2,2s2-0.9,2-2V12c1.7,0,3-1.3,3-3V1C11,0.4,10.6,0,10,0z\"\/><path data-color=\"color-2\" fill=\"#333333\" d=\"M19,0c-3.3,0-6,2.7-6,6v9c0,0.6,0.4,1,1,1h2v6c0,1.1,0.9,2,2,2s2-0.9,2-2V1C20,0.4,19.6,0,19,0z\"\/><\/g><\/svg><\/span> <span class=\"wprm-recipe-details-label wprm-block-text-bold wprm-recipe-servings-label\">Raciones :<\/span><span class=\"wprm-recipe-servings wprm-recipe-details wprm-block-text-normal\">2<\/span><\/div>\n<div class=\"wprm-recipe-block-container wprm-recipe-block-container-columns wprm-block-text-normal wprm-recipe-nutrition-container wprm-recipe-calories-container\" style=\"\"><span class=\"wprm-recipe-details-label wprm-block-text-bold wprm-recipe-nutrition-label wprm-recipe-calories-label\">Calor\u00edas <\/span><span class=\"wprm-recipe-nutrition-with-unit\"><span class=\"wprm-recipe-details wprm-recipe-nutrition wprm-recipe-calories wprm-block-text-normal\">300<\/span><span class=\"wprm-recipe-details-unit wprm-recipe-nutrition-unit wprm-recipe-calories-unit wprm-block-text-normal\">kcal<\/span><\/span><\/div>\n<div class=\"wprm-recipe-block-container wprm-recipe-block-container-columns wprm-block-text-normal wprm-recipe-author-container\" style=\"\"><span class=\"wprm-recipe-icon wprm-recipe-author-icon\"><svg xmlns=\"http:\/\/www.w3.org\/2000\/svg\" xmlns:xlink=\"http:\/\/www.w3.org\/1999\/xlink\" x=\"0px\" y=\"0px\" width=\"16px\" height=\"16px\" viewBox=\"0 0 24 24\"><g  transform=\"translate(0, 0)\"><polygon fill=\"none\" stroke=\"#333333\" stroke-width=\"2\" stroke-linecap=\"square\" stroke-miterlimit=\"10\" points=\"12,2.6 15,9 21.4,9 16.7,13.9 18.6,21.4 12,17.6 5.4,21.4 7.3,13.9 2.6,9 9,9 \" stroke-linejoin=\"miter\"\/><\/g><\/svg><\/span> <span class=\"wprm-recipe-details-label wprm-block-text-bold wprm-recipe-author-label\">Autor :<\/span><span class=\"wprm-recipe-details wprm-recipe-author wprm-block-text-normal\">Mia Mattarello<\/span><\/div>\n\n\n<div class=\"wprm-spacer\" style=\"height: 15px;\"><\/div>\n<a href=\"https:\/\/www.laragazzacolmattarello.com\/es\/wprm_print\/pasta-con-alcachofas-esparragos-y-guisantes-pasta-primavera-con-asparagi-carciofi-e-piselli\" style=\"color: #333333;\" class=\"wprm-recipe-print wprm-recipe-link wprm-print-recipe-shortcode wprm-block-text-normal\" data-recipe-id=\"5928\" data-template=\"\" target=\"_blank\" rel=\"nofollow\"><span class=\"wprm-recipe-icon wprm-recipe-print-icon\"><svg xmlns=\"http:\/\/www.w3.org\/2000\/svg\" xmlns:xlink=\"http:\/\/www.w3.org\/1999\/xlink\" x=\"0px\" y=\"0px\" width=\"16px\" height=\"16px\" viewBox=\"0 0 24 24\"><g ><path fill=\"#333333\" d=\"M19,5.09V1c0-0.552-0.448-1-1-1H6C5.448,0,5,0.448,5,1v4.09C2.167,5.569,0,8.033,0,11v7c0,0.552,0.448,1,1,1h4v4c0,0.552,0.448,1,1,1h12c0.552,0,1-0.448,1-1v-4h4c0.552,0,1-0.448,1-1v-7C24,8.033,21.833,5.569,19,5.09z M7,2h10v3H7V2z M17,22H7v-9h10V22z M18,10c-0.552,0-1-0.448-1-1c0-0.552,0.448-1,1-1s1,0.448,1,1C19,9.552,18.552,10,18,10z\"\/><\/g><\/svg><\/span> Imprimir receta<\/a>\n<div id=\"recipe-5928-ingredients\" class=\"wprm-recipe-ingredients-container wprm-recipe-5928-ingredients-container wprm-block-text-normal wprm-ingredient-style-regular wprm-recipe-images-before\" data-recipe=\"5928\" data-servings=\"2\"><h3 class=\"wprm-recipe-header wprm-recipe-ingredients-header wprm-block-text-bold wprm-align-left wprm-header-decoration-none\" style=\"\">Ingredientes<\/h3><div class=\"wprm-recipe-ingredient-group\"><ul class=\"wprm-recipe-ingredients\"><li class=\"wprm-recipe-ingredient\" style=\"list-style-type: disc;\"><span class=\"wprm-recipe-ingredient-amount\">160<\/span>&#32;<span class=\"wprm-recipe-ingredient-unit\">g<\/span>&#32;<span class=\"wprm-recipe-ingredient-name\">Tagliatelle<\/span><\/li><li class=\"wprm-recipe-ingredient\" style=\"list-style-type: disc;\"><span class=\"wprm-recipe-ingredient-amount\">\u00bd<\/span>&#32;<span class=\"wprm-recipe-ingredient-name\">Cebolla<\/span><\/li><li class=\"wprm-recipe-ingredient\" style=\"list-style-type: disc;\"><span class=\"wprm-recipe-ingredient-amount\">3<\/span>&#32;<span class=\"wprm-recipe-ingredient-name\">Alcachofas<\/span><\/li><li class=\"wprm-recipe-ingredient\" style=\"list-style-type: disc;\"><span class=\"wprm-recipe-ingredient-amount\">6<\/span>&#32;<span class=\"wprm-recipe-ingredient-name\">Esp\u00e1rragos<\/span><\/li><li class=\"wprm-recipe-ingredient\" style=\"list-style-type: disc;\"><span class=\"wprm-recipe-ingredient-amount\">100<\/span>&#32;<span class=\"wprm-recipe-ingredient-unit\">g<\/span>&#32;<span class=\"wprm-recipe-ingredient-name\">Guisantes<\/span><\/li><li class=\"wprm-recipe-ingredient\" style=\"list-style-type: disc;\"><span class=\"wprm-recipe-ingredient-amount\">2<\/span>&#32;<span class=\"wprm-recipe-ingredient-name\">cucharadas Pecorino romano o parmesano rallado<\/span><\/li><li class=\"wprm-recipe-ingredient\" style=\"list-style-type: disc;\"><span class=\"wprm-recipe-ingredient-amount\">1<\/span>&#32;<span class=\"wprm-recipe-ingredient-name\">Cayena<\/span>&#32;<span class=\"wprm-recipe-ingredient-notes wprm-recipe-ingredient-notes-faded\">opcional<\/span><\/li><li class=\"wprm-recipe-ingredient\" style=\"list-style-type: disc;\"><span class=\"wprm-recipe-ingredient-name\">Sal<\/span><\/li><li class=\"wprm-recipe-ingredient\" style=\"list-style-type: disc;\"><span class=\"wprm-recipe-ingredient-name\">Pimienta negra<\/span><\/li><li class=\"wprm-recipe-ingredient\" style=\"list-style-type: disc;\"><span class=\"wprm-recipe-ingredient-name\">Aceite de oliva<\/span><\/li><\/ul><\/div><\/div>\n<div id=\"recipe-5928-instructions\" class=\"wprm-recipe-instructions-container wprm-recipe-5928-instructions-container wprm-block-text-normal\" data-recipe=\"5928\"><h3 class=\"wprm-recipe-header wprm-recipe-instructions-header wprm-block-text-bold wprm-align-left wprm-header-decoration-none\" style=\"\">Instrucciones<\/h3><div class=\"wprm-recipe-instruction-group\"><ul class=\"wprm-recipe-instructions\"><li id=\"wprm-recipe-5928-step-0-0\" class=\"wprm-recipe-instruction\" style=\"list-style-type: decimal;\"><div class=\"wprm-recipe-instruction-text\" style=\"margin-bottom: 5px;\">Picar la cebolla a cuadraditos<\/div><\/li><li id=\"wprm-recipe-5928-step-0-1\" class=\"wprm-recipe-instruction\" style=\"list-style-type: decimal;\"><div class=\"wprm-recipe-instruction-text\" style=\"margin-bottom: 5px;\">Pelar las alcachofas, retirar la parte central fibrosa, cortarlas a cuartos<\/div><\/li><li id=\"wprm-recipe-5928-step-0-2\" class=\"wprm-recipe-instruction\" style=\"list-style-type: decimal;\"><div class=\"wprm-recipe-instruction-text\" style=\"margin-bottom: 5px;\">Quitar la parte dura de los esp\u00e1rragos, dobl\u00e1ndolos hasta que ellos por s\u00ed mismos se parten<\/div><\/li><li id=\"wprm-recipe-5928-step-0-3\" class=\"wprm-recipe-instruction\" style=\"list-style-type: decimal;\"><div class=\"wprm-recipe-instruction-text\" style=\"margin-bottom: 5px;\">Separar las puntas y, el resto de los esp\u00e1rragos, laminarlos a trocitos de m\u00e1s o menos 3 mil\u00edmetros<\/div><\/li><li id=\"wprm-recipe-5928-step-0-4\" class=\"wprm-recipe-instruction\" style=\"list-style-type: decimal;\"><div class=\"wprm-recipe-instruction-text\" style=\"margin-bottom: 5px;\">Hervir las alcachofas en agua salada hasta que est\u00e9n casi al dente. Colar y dejar a aparte<\/div><\/li><li id=\"wprm-recipe-5928-step-0-5\" class=\"wprm-recipe-instruction\" style=\"list-style-type: decimal;\"><div class=\"wprm-recipe-instruction-text\" style=\"margin-bottom: 5px;\">Sofre\u00edr la cebolla en un par de cucharadas de aceite de oliva<\/div><\/li><li id=\"wprm-recipe-5928-step-0-6\" class=\"wprm-recipe-instruction\" style=\"list-style-type: decimal;\"><div class=\"wprm-recipe-instruction-text\" style=\"margin-bottom: 5px;\">Poner ya al fuego la olla de agua para hervir la pasta<\/div><\/li><li id=\"wprm-recipe-5928-step-0-7\" class=\"wprm-recipe-instruction\" style=\"list-style-type: decimal;\"><div class=\"wprm-recipe-instruction-text\" style=\"margin-bottom: 5px;\">A la que la cebolla est\u00e9 dorada, a\u00f1adir la cayena (opciona), los trocitos de esp\u00e1rragos, (las puntas todav\u00eda no) y remover un minuto<\/div><\/li><li id=\"wprm-recipe-5928-step-0-8\" class=\"wprm-recipe-instruction\" style=\"list-style-type: decimal;\"><div class=\"wprm-recipe-instruction-text\" style=\"margin-bottom: 5px;\">A\u00f1adir las alcachofas y los guisantes<\/div><\/li><li id=\"wprm-recipe-5928-step-0-9\" class=\"wprm-recipe-instruction\" style=\"list-style-type: decimal;\"><div class=\"wprm-recipe-instruction-text\" style=\"margin-bottom: 5px;\">Dar un par de vueltas, salar y dejar pasar un minuto. Si queda muy seco, a\u00f1adir un poco de agua o caldo de verduras<\/div><\/li><li id=\"wprm-recipe-5928-step-0-10\" class=\"wprm-recipe-instruction\" style=\"list-style-type: decimal;\"><div class=\"wprm-recipe-instruction-text\" style=\"margin-bottom: 5px;\">A\u00f1adir las puntas de esp\u00e1rragos, saltear 30 segundos, y a\u00f1adir la pasta casi al dente, que habremos hervido a la vez que preparado las verduras, y medio cuchar\u00f3n de agua de cocci\u00f3n de la pasta<\/div><\/li><li id=\"wprm-recipe-5928-step-0-11\" class=\"wprm-recipe-instruction\" style=\"list-style-type: decimal;\"><div class=\"wprm-recipe-instruction-text\" style=\"margin-bottom: 5px;\">Remover 10 segundos, parar el fuego y a\u00f1adir el queso rallado y pimienta a gusto<\/div><\/li><li id=\"wprm-recipe-5928-step-0-12\" class=\"wprm-recipe-instruction\" style=\"list-style-type: decimal;\"><div class=\"wprm-recipe-instruction-text\" style=\"margin-bottom: 5px;\">Servir con un chorrito de aceite de oliva encima y un poco m\u00e1s de queso, si os apetece<\/div><\/li><\/ul><\/div><\/div>\n\n<div id=\"recipe-video\"><\/div>\n<\/div><\/div>\n","protected":false},"excerpt":{"rendered":"<p>&nbsp; Pasta con verduras t\u00edpicas de final de invierno-inicio de primavera: alcachofas, esp\u00e1rragos y guisantes. Una de mis preferidas y que demuestra a la perfecci\u00f3n que se puede cocinar un plato de pasta jugos\u00edsimo y lleno de sabor sin tener que recurrir al tomate, carnes o inventos raros. &nbsp; &nbsp; &nbsp; &nbsp; [adinserter name=\u00bbLRCM RESP 1&#8243;] &nbsp; &nbsp; &nbsp; &nbsp; &nbsp; &nbsp; &nbsp; &nbsp; [adinserter name=\u00bbLRCM RESP 1&#8243;] Las verduras y el agua de cocci\u00f3n son suficientes para crear una salsa super dulce y delicada a la que, si se le a\u00f1ade un poquito de queso para hacerla un poquito m\u00e1s densa, recubre la pasta perfectamente. Un poquito de pimienta negra y\/o cayena y ya nos la terminan de alegrar del todo. &nbsp; &nbsp; Nota: No ten\u00eda alcachofas, ni guisantes frescos y he usado congelados. Evidentemente, siempre es preferible usar ingredientes frescos, pero no es imprescindible y agilizan much\u00edsimo la ejecuci\u00f3n del plato. \u00a1Buen provecho! &nbsp; &nbsp; Pasta con verduras t\u00edpicas de final de invierno-inicio de primavera: alcachofas, esp\u00e1rragos y guisantes. Una de mis preferidas y que demuestra a la perfecci\u00f3n que se puede cocinar un plato de pasta jugos\u00edsimo y lleno de sabor sin tener que recurrir al tomate, carnes o inventos raros.<\/p>\n","protected":false},"author":1,"featured_media":5973,"comment_status":"open","ping_status":"closed","sticky":false,"template":"","format":"standard","meta":{"wprm-recipe-roundup-name":"","wprm-recipe-roundup-description":"","footnotes":""},"categories":[23,20],"tags":[76,873,262,35],"class_list":["post-5896","post","type-post","status-publish","format-standard","has-post-thumbnail","hentry","category-primeros","category-recetas","tag-alcachofas","tag-esparragos","tag-guisantes","tag-pasta-es"],"yoast_head":"<!-- This site is optimized with the Yoast SEO plugin v27.5 - https:\/\/yoast.com\/product\/yoast-seo-wordpress\/ -->\n<title>Pasta con alcachofas, esp\u00e1rragos y guisantes (Pasta primavera con asparagi, carciofi e piselli) ~ La ragazza col mattarello<\/title>\n<meta name=\"description\" content=\"Una pasta con verduras que demuestra a la perfecci\u00f3n que se puede cocinar un plato jugos\u00edsimo y lleno de sabor sin tener que recurrir al tomate, carnes o inventos raros.\" \/>\n<meta name=\"robots\" content=\"index, follow, max-snippet:-1, max-image-preview:large, max-video-preview:-1\" \/>\n<link rel=\"canonical\" href=\"https:\/\/www.laragazzacolmattarello.com\/es\/pasta-con-alcachofas-esparragos-y-guisantes-pasta-primavera-con-asparagi-carciofi-e-piselli\/\" \/>\n<meta property=\"og:locale\" content=\"es_ES\" \/>\n<meta property=\"og:type\" content=\"article\" \/>\n<meta property=\"og:title\" content=\"Pasta con alcachofas, esp\u00e1rragos y guisantes (Pasta primavera con asparagi, carciofi e piselli) ~ La ragazza col mattarello\" \/>\n<meta property=\"og:description\" content=\"Una pasta con verduras que demuestra a la perfecci\u00f3n que se puede cocinar un plato jugos\u00edsimo y lleno de sabor sin tener que recurrir al tomate, carnes o inventos raros.\" \/>\n<meta property=\"og:url\" content=\"https:\/\/www.laragazzacolmattarello.com\/es\/pasta-con-alcachofas-esparragos-y-guisantes-pasta-primavera-con-asparagi-carciofi-e-piselli\/\" \/>\n<meta property=\"og:site_name\" content=\"La ragazza col mattarello\" \/>\n<meta property=\"article:publisher\" content=\"https:\/\/www.facebook.com\/laragazzacolmattarello\" \/>\n<meta property=\"article:published_time\" content=\"2020-04-28T23:07:58+00:00\" \/>\n<meta property=\"article:modified_time\" content=\"2020-04-30T15:43:50+00:00\" \/>\n<meta property=\"og:image\" content=\"https:\/\/www.laragazzacolmattarello.com\/wp-content\/uploads\/2020\/04\/Pasta-con-alcachofas-esp\u00e1rragos-y-guisantes-Pasta-primavera-con-asparagi-carciofi-e-piselli_248705_COVER-1-scaled.jpg\" \/>\n\t<meta property=\"og:image:width\" content=\"2560\" \/>\n\t<meta property=\"og:image:height\" content=\"1920\" \/>\n\t<meta property=\"og:image:type\" content=\"image\/jpeg\" \/>\n<meta name=\"author\" content=\"Mia Mattarello\" \/>\n<meta name=\"twitter:card\" content=\"summary_large_image\" \/>\n<meta name=\"twitter:creator\" content=\"@mattarellogirl\" \/>\n<meta name=\"twitter:site\" content=\"@mattarellogirl\" \/>\n<meta name=\"twitter:label1\" content=\"Escrito por\" \/>\n\t<meta name=\"twitter:data1\" content=\"Mia Mattarello\" \/>\n\t<meta name=\"twitter:label2\" content=\"Tiempo de lectura\" \/>\n\t<meta name=\"twitter:data2\" content=\"2 minutos\" \/>\n<script type=\"application\/ld+json\" class=\"yoast-schema-graph\">{\"@context\":\"https:\\\/\\\/schema.org\",\"@graph\":[{\"@type\":\"WebPage\",\"@id\":\"https:\\\/\\\/www.laragazzacolmattarello.com\\\/es\\\/pasta-con-alcachofas-esparragos-y-guisantes-pasta-primavera-con-asparagi-carciofi-e-piselli\\\/\",\"url\":\"https:\\\/\\\/www.laragazzacolmattarello.com\\\/es\\\/pasta-con-alcachofas-esparragos-y-guisantes-pasta-primavera-con-asparagi-carciofi-e-piselli\\\/\",\"name\":\"Pasta con alcachofas, esp\u00e1rragos y guisantes (Pasta primavera con asparagi, carciofi e piselli) ~ La ragazza col mattarello\",\"isPartOf\":{\"@id\":\"https:\\\/\\\/www.laragazzacolmattarello.com\\\/es\\\/#website\"},\"primaryImageOfPage\":{\"@id\":\"https:\\\/\\\/www.laragazzacolmattarello.com\\\/es\\\/pasta-con-alcachofas-esparragos-y-guisantes-pasta-primavera-con-asparagi-carciofi-e-piselli\\\/#primaryimage\"},\"image\":{\"@id\":\"https:\\\/\\\/www.laragazzacolmattarello.com\\\/es\\\/pasta-con-alcachofas-esparragos-y-guisantes-pasta-primavera-con-asparagi-carciofi-e-piselli\\\/#primaryimage\"},\"thumbnailUrl\":\"https:\\\/\\\/www.laragazzacolmattarello.com\\\/wp-content\\\/uploads\\\/2020\\\/04\\\/Pasta-con-alcachofas-esp\u00e1rragos-y-guisantes-Pasta-primavera-con-asparagi-carciofi-e-piselli_248705_COVER-1-scaled.jpg\",\"datePublished\":\"2020-04-28T23:07:58+00:00\",\"dateModified\":\"2020-04-30T15:43:50+00:00\",\"description\":\"Una pasta con verduras que demuestra a la perfecci\u00f3n que se puede cocinar un plato jugos\u00edsimo y lleno de sabor sin tener que recurrir al tomate, carnes o inventos raros.\",\"breadcrumb\":{\"@id\":\"https:\\\/\\\/www.laragazzacolmattarello.com\\\/es\\\/pasta-con-alcachofas-esparragos-y-guisantes-pasta-primavera-con-asparagi-carciofi-e-piselli\\\/#breadcrumb\"},\"inLanguage\":\"es\",\"potentialAction\":[{\"@type\":\"ReadAction\",\"target\":[\"https:\\\/\\\/www.laragazzacolmattarello.com\\\/es\\\/pasta-con-alcachofas-esparragos-y-guisantes-pasta-primavera-con-asparagi-carciofi-e-piselli\\\/\"]}]},{\"@type\":\"ImageObject\",\"inLanguage\":\"es\",\"@id\":\"https:\\\/\\\/www.laragazzacolmattarello.com\\\/es\\\/pasta-con-alcachofas-esparragos-y-guisantes-pasta-primavera-con-asparagi-carciofi-e-piselli\\\/#primaryimage\",\"url\":\"https:\\\/\\\/www.laragazzacolmattarello.com\\\/wp-content\\\/uploads\\\/2020\\\/04\\\/Pasta-con-alcachofas-esp\u00e1rragos-y-guisantes-Pasta-primavera-con-asparagi-carciofi-e-piselli_248705_COVER-1-scaled.jpg\",\"contentUrl\":\"https:\\\/\\\/www.laragazzacolmattarello.com\\\/wp-content\\\/uploads\\\/2020\\\/04\\\/Pasta-con-alcachofas-esp\u00e1rragos-y-guisantes-Pasta-primavera-con-asparagi-carciofi-e-piselli_248705_COVER-1-scaled.jpg\",\"width\":2560,\"height\":1920,\"caption\":\"Pasta con alcachofas, esp\u00e1rragos y guisantes (Pasta primavera con asparagi, carciofi e piselli)\"},{\"@type\":\"BreadcrumbList\",\"@id\":\"https:\\\/\\\/www.laragazzacolmattarello.com\\\/es\\\/pasta-con-alcachofas-esparragos-y-guisantes-pasta-primavera-con-asparagi-carciofi-e-piselli\\\/#breadcrumb\",\"itemListElement\":[{\"@type\":\"ListItem\",\"position\":1,\"name\":\"Inicio\",\"item\":\"https:\\\/\\\/www.laragazzacolmattarello.com\\\/es\\\/\"},{\"@type\":\"ListItem\",\"position\":2,\"name\":\"Pasta con alcachofas, esp\u00e1rragos y guisantes (Pasta primavera con asparagi, carciofi e piselli)\"}]},{\"@type\":\"WebSite\",\"@id\":\"https:\\\/\\\/www.laragazzacolmattarello.com\\\/es\\\/#website\",\"url\":\"https:\\\/\\\/www.laragazzacolmattarello.com\\\/es\\\/\",\"name\":\"La ragazza col mattarello\",\"description\":\"Recetas tradicionales italianas\",\"publisher\":{\"@id\":\"https:\\\/\\\/www.laragazzacolmattarello.com\\\/es\\\/#organization\"},\"potentialAction\":[{\"@type\":\"SearchAction\",\"target\":{\"@type\":\"EntryPoint\",\"urlTemplate\":\"https:\\\/\\\/www.laragazzacolmattarello.com\\\/es\\\/?s={search_term_string}\"},\"query-input\":{\"@type\":\"PropertyValueSpecification\",\"valueRequired\":true,\"valueName\":\"search_term_string\"}}],\"inLanguage\":\"es\"},{\"@type\":\"Organization\",\"@id\":\"https:\\\/\\\/www.laragazzacolmattarello.com\\\/es\\\/#organization\",\"name\":\"La ragazza col mattarello\",\"url\":\"https:\\\/\\\/www.laragazzacolmattarello.com\\\/es\\\/\",\"logo\":{\"@type\":\"ImageObject\",\"inLanguage\":\"es\",\"@id\":\"https:\\\/\\\/www.laragazzacolmattarello.com\\\/es\\\/#\\\/schema\\\/logo\\\/image\\\/\",\"url\":\"https:\\\/\\\/www.laragazzacolmattarello.com\\\/wp-content\\\/uploads\\\/2019\\\/10\\\/la_ragazza_col_mattarello_192x192_PWA.png\",\"contentUrl\":\"https:\\\/\\\/www.laragazzacolmattarello.com\\\/wp-content\\\/uploads\\\/2019\\\/10\\\/la_ragazza_col_mattarello_192x192_PWA.png\",\"width\":192,\"height\":192,\"caption\":\"La ragazza col mattarello\"},\"image\":{\"@id\":\"https:\\\/\\\/www.laragazzacolmattarello.com\\\/es\\\/#\\\/schema\\\/logo\\\/image\\\/\"},\"sameAs\":[\"https:\\\/\\\/www.facebook.com\\\/laragazzacolmattarello\",\"https:\\\/\\\/x.com\\\/mattarellogirl\",\"https:\\\/\\\/www.instagram.com\\\/mattarellogirl\\\/\",\"https:\\\/\\\/www.pinterest.com\\\/mattarellogirl\\\/\",\"https:\\\/\\\/www.youtube.com\\\/@laragazzacolmattarello\"]}]}<\/script>\n<!-- \/ Yoast SEO plugin. -->","yoast_head_json":{"title":"Pasta con alcachofas, esp\u00e1rragos y guisantes (Pasta primavera con asparagi, carciofi e piselli) ~ La ragazza col mattarello","description":"Una pasta con verduras que demuestra a la perfecci\u00f3n que se puede cocinar un plato jugos\u00edsimo y lleno de sabor sin tener que recurrir al tomate, carnes o inventos raros.","robots":{"index":"index","follow":"follow","max-snippet":"max-snippet:-1","max-image-preview":"max-image-preview:large","max-video-preview":"max-video-preview:-1"},"canonical":"https:\/\/www.laragazzacolmattarello.com\/es\/pasta-con-alcachofas-esparragos-y-guisantes-pasta-primavera-con-asparagi-carciofi-e-piselli\/","og_locale":"es_ES","og_type":"article","og_title":"Pasta con alcachofas, esp\u00e1rragos y guisantes (Pasta primavera con asparagi, carciofi e piselli) ~ La ragazza col mattarello","og_description":"Una pasta con verduras que demuestra a la perfecci\u00f3n que se puede cocinar un plato jugos\u00edsimo y lleno de sabor sin tener que recurrir al tomate, carnes o inventos raros.","og_url":"https:\/\/www.laragazzacolmattarello.com\/es\/pasta-con-alcachofas-esparragos-y-guisantes-pasta-primavera-con-asparagi-carciofi-e-piselli\/","og_site_name":"La ragazza col mattarello","article_publisher":"https:\/\/www.facebook.com\/laragazzacolmattarello","article_published_time":"2020-04-28T23:07:58+00:00","article_modified_time":"2020-04-30T15:43:50+00:00","og_image":[{"width":2560,"height":1920,"url":"https:\/\/www.laragazzacolmattarello.com\/wp-content\/uploads\/2020\/04\/Pasta-con-alcachofas-esp\u00e1rragos-y-guisantes-Pasta-primavera-con-asparagi-carciofi-e-piselli_248705_COVER-1-scaled.jpg","type":"image\/jpeg"}],"author":"Mia Mattarello","twitter_card":"summary_large_image","twitter_creator":"@mattarellogirl","twitter_site":"@mattarellogirl","twitter_misc":{"Escrito por":"Mia Mattarello","Tiempo de lectura":"2 minutos"},"schema":{"@context":"https:\/\/schema.org","@graph":[{"@type":"WebPage","@id":"https:\/\/www.laragazzacolmattarello.com\/es\/pasta-con-alcachofas-esparragos-y-guisantes-pasta-primavera-con-asparagi-carciofi-e-piselli\/","url":"https:\/\/www.laragazzacolmattarello.com\/es\/pasta-con-alcachofas-esparragos-y-guisantes-pasta-primavera-con-asparagi-carciofi-e-piselli\/","name":"Pasta con alcachofas, esp\u00e1rragos y guisantes (Pasta primavera con asparagi, carciofi e piselli) ~ La ragazza col mattarello","isPartOf":{"@id":"https:\/\/www.laragazzacolmattarello.com\/es\/#website"},"primaryImageOfPage":{"@id":"https:\/\/www.laragazzacolmattarello.com\/es\/pasta-con-alcachofas-esparragos-y-guisantes-pasta-primavera-con-asparagi-carciofi-e-piselli\/#primaryimage"},"image":{"@id":"https:\/\/www.laragazzacolmattarello.com\/es\/pasta-con-alcachofas-esparragos-y-guisantes-pasta-primavera-con-asparagi-carciofi-e-piselli\/#primaryimage"},"thumbnailUrl":"https:\/\/www.laragazzacolmattarello.com\/wp-content\/uploads\/2020\/04\/Pasta-con-alcachofas-esp\u00e1rragos-y-guisantes-Pasta-primavera-con-asparagi-carciofi-e-piselli_248705_COVER-1-scaled.jpg","datePublished":"2020-04-28T23:07:58+00:00","dateModified":"2020-04-30T15:43:50+00:00","description":"Una pasta con verduras que demuestra a la perfecci\u00f3n que se puede cocinar un plato jugos\u00edsimo y lleno de sabor sin tener que recurrir al tomate, carnes o inventos raros.","breadcrumb":{"@id":"https:\/\/www.laragazzacolmattarello.com\/es\/pasta-con-alcachofas-esparragos-y-guisantes-pasta-primavera-con-asparagi-carciofi-e-piselli\/#breadcrumb"},"inLanguage":"es","potentialAction":[{"@type":"ReadAction","target":["https:\/\/www.laragazzacolmattarello.com\/es\/pasta-con-alcachofas-esparragos-y-guisantes-pasta-primavera-con-asparagi-carciofi-e-piselli\/"]}]},{"@type":"ImageObject","inLanguage":"es","@id":"https:\/\/www.laragazzacolmattarello.com\/es\/pasta-con-alcachofas-esparragos-y-guisantes-pasta-primavera-con-asparagi-carciofi-e-piselli\/#primaryimage","url":"https:\/\/www.laragazzacolmattarello.com\/wp-content\/uploads\/2020\/04\/Pasta-con-alcachofas-esp\u00e1rragos-y-guisantes-Pasta-primavera-con-asparagi-carciofi-e-piselli_248705_COVER-1-scaled.jpg","contentUrl":"https:\/\/www.laragazzacolmattarello.com\/wp-content\/uploads\/2020\/04\/Pasta-con-alcachofas-esp\u00e1rragos-y-guisantes-Pasta-primavera-con-asparagi-carciofi-e-piselli_248705_COVER-1-scaled.jpg","width":2560,"height":1920,"caption":"Pasta con alcachofas, esp\u00e1rragos y guisantes (Pasta primavera con asparagi, carciofi e piselli)"},{"@type":"BreadcrumbList","@id":"https:\/\/www.laragazzacolmattarello.com\/es\/pasta-con-alcachofas-esparragos-y-guisantes-pasta-primavera-con-asparagi-carciofi-e-piselli\/#breadcrumb","itemListElement":[{"@type":"ListItem","position":1,"name":"Inicio","item":"https:\/\/www.laragazzacolmattarello.com\/es\/"},{"@type":"ListItem","position":2,"name":"Pasta con alcachofas, esp\u00e1rragos y guisantes (Pasta primavera con asparagi, carciofi e piselli)"}]},{"@type":"WebSite","@id":"https:\/\/www.laragazzacolmattarello.com\/es\/#website","url":"https:\/\/www.laragazzacolmattarello.com\/es\/","name":"La ragazza col mattarello","description":"Recetas tradicionales italianas","publisher":{"@id":"https:\/\/www.laragazzacolmattarello.com\/es\/#organization"},"potentialAction":[{"@type":"SearchAction","target":{"@type":"EntryPoint","urlTemplate":"https:\/\/www.laragazzacolmattarello.com\/es\/?s={search_term_string}"},"query-input":{"@type":"PropertyValueSpecification","valueRequired":true,"valueName":"search_term_string"}}],"inLanguage":"es"},{"@type":"Organization","@id":"https:\/\/www.laragazzacolmattarello.com\/es\/#organization","name":"La ragazza col mattarello","url":"https:\/\/www.laragazzacolmattarello.com\/es\/","logo":{"@type":"ImageObject","inLanguage":"es","@id":"https:\/\/www.laragazzacolmattarello.com\/es\/#\/schema\/logo\/image\/","url":"https:\/\/www.laragazzacolmattarello.com\/wp-content\/uploads\/2019\/10\/la_ragazza_col_mattarello_192x192_PWA.png","contentUrl":"https:\/\/www.laragazzacolmattarello.com\/wp-content\/uploads\/2019\/10\/la_ragazza_col_mattarello_192x192_PWA.png","width":192,"height":192,"caption":"La ragazza col mattarello"},"image":{"@id":"https:\/\/www.laragazzacolmattarello.com\/es\/#\/schema\/logo\/image\/"},"sameAs":["https:\/\/www.facebook.com\/laragazzacolmattarello","https:\/\/x.com\/mattarellogirl","https:\/\/www.instagram.com\/mattarellogirl\/","https:\/\/www.pinterest.com\/mattarellogirl\/","https:\/\/www.youtube.com\/@laragazzacolmattarello"]}]}},"amp_enabled":true,"_links":{"self":[{"href":"https:\/\/www.laragazzacolmattarello.com\/es\/wp-json\/wp\/v2\/posts\/5896","targetHints":{"allow":["GET"]}}],"collection":[{"href":"https:\/\/www.laragazzacolmattarello.com\/es\/wp-json\/wp\/v2\/posts"}],"about":[{"href":"https:\/\/www.laragazzacolmattarello.com\/es\/wp-json\/wp\/v2\/types\/post"}],"author":[{"embeddable":true,"href":"https:\/\/www.laragazzacolmattarello.com\/es\/wp-json\/wp\/v2\/users\/1"}],"replies":[{"embeddable":true,"href":"https:\/\/www.laragazzacolmattarello.com\/es\/wp-json\/wp\/v2\/comments?post=5896"}],"version-history":[{"count":6,"href":"https:\/\/www.laragazzacolmattarello.com\/es\/wp-json\/wp\/v2\/posts\/5896\/revisions"}],"predecessor-version":[{"id":5976,"href":"https:\/\/www.laragazzacolmattarello.com\/es\/wp-json\/wp\/v2\/posts\/5896\/revisions\/5976"}],"wp:featuredmedia":[{"embeddable":true,"href":"https:\/\/www.laragazzacolmattarello.com\/es\/wp-json\/wp\/v2\/media\/5973"}],"wp:attachment":[{"href":"https:\/\/www.laragazzacolmattarello.com\/es\/wp-json\/wp\/v2\/media?parent=5896"}],"wp:term":[{"taxonomy":"category","embeddable":true,"href":"https:\/\/www.laragazzacolmattarello.com\/es\/wp-json\/wp\/v2\/categories?post=5896"},{"taxonomy":"post_tag","embeddable":true,"href":"https:\/\/www.laragazzacolmattarello.com\/es\/wp-json\/wp\/v2\/tags?post=5896"}],"curies":[{"name":"wp","href":"https:\/\/api.w.org\/{rel}","templated":true}]}}