{"id":501,"date":"2013-02-27T02:50:21","date_gmt":"2013-02-27T01:50:21","guid":{"rendered":"http:\/\/www.laragazzacolmattarello.com\/crostata-de-melmelada-dalbercoc-2\/"},"modified":"2013-04-02T13:30:33","modified_gmt":"2013-04-02T11:30:33","slug":"crostata-de-mermelada-de-albaricoque","status":"publish","type":"post","link":"https:\/\/www.laragazzacolmattarello.com\/es\/crostata-de-mermelada-de-albaricoque\/","title":{"rendered":"Crostata de mermelada de albaricoque"},"content":{"rendered":"<p>Creo que no adivinar\u00edais nunca cu\u00e1l es el dulce que me viene a la cabeza pensando en Italia. No son los famos\u00edsimos helados, ni el tiramis\u00fa, ni tampoco la panna cotta, sino la crostata di albicocca que me com\u00eda los s\u00e1bados por la tarde, en el bar que nos quedaba cerca de casa, cuando viv\u00edamos en Bracciano. No ten\u00edan nada m\u00e1s, a la hora de merendar, ya que se trataba de un lugar principalmente concurrido por la ma\u00f1ana y de lunes a viernes. No estaban mal, aquellas crostatine, pero no lo suficiente como para distraerme del hecho de que era otro s\u00e1bado por la tarde, de otro fin de semana lejos de mi familia, que como actividad m\u00e1s excitante de la que disfrutar\u00eda ser\u00eda precisamente comerme una crostatina, apoyada en la barra de un bar de carretera muy de abuelos, junto al hospital del segundo pueblo m\u00e1s aburrido de toda Italia, por mucho que en su famoso castillo se hubieran casado el todav\u00eda m\u00e1s popular Tom Cruise y santa Katie. Momentos en los que mi moderador mental se aburr\u00eda hasta caer dormido y terminaban tomando la palabra los pensamientos y sentimientos m\u00e1s visceralmente humanos para, resumiendo, preguntarme qu\u00e9 diablos estaba haciendo en Italia. Supongo que la asociaci\u00f3n crostata-a\u00f1oranza, de mis primeros meses lejos de casa es lo que me hizo aborrecer las crostate e Italia por un buen tiempo.<\/p>\n<p>La protagonista del post, m\u00e1s que un postre, entrar\u00eda en la categor\u00eda de pasta, porque en su versi\u00f3n m\u00e1s simple, la de albaricoque o melocot\u00f3n y la de de ar\u00e1ndanos, se suele comer para desayunar, merendar o acompa\u00f1ar un caf\u00e9, y muy raramente como apoteosis final de una comida. Para encontrar un trozo de crostata o bien una crostatina, la versi\u00f3n individual de la crostata, no es necesario acudir a la pasteler\u00eda. La tienen en bares, hornos de pan y supermercados. La crostata italiana es tan antigua, que no se le conocen exactamente los or\u00edgenes. Circulan<a href=\"http:\/\/crostata.myblog.it\/archive\/2009\/04\/11\/storia-della-crostata.html\" target=\"_blank\"> varias historias e incluso una leyenda muy curiosa<\/a>, con N\u00e1poles como \u00fanico escenario o punto en com\u00fan.<a href=\"http:\/\/www.laragazzacolmattarello.com\/wp-content\/uploads\/2013\/02\/IMG_4653m.jpg\"><img  title=\"Crostata de mermelada de albaricoque ~ Dulces Recetas  ~ La ragazza col mattarello\" loading=\"lazy\" decoding=\"async\" class=\"wp-image-497 aligncenter\"  alt=\"Crostata de mermelada de albaricoque ~ Dulces Recetas  ~ La ragazza col mattarello\"  src=\"http:\/\/www.laragazzacolmattarello.com\/wp-content\/uploads\/2013\/02\/IMG_4653m-1024x682.jpg\" width=\"600\" height=\"399\" \/><\/a> La leyenda habla de las ofrendas primaverales que el pueblo llevaba al Golfo de N\u00e1poles para la Sirena Partenope. Le entregaban lo m\u00e1s precioso que pose\u00edan, que no eran m\u00e1s que los ingredientes de la crostata de ricotta por separado. Un d\u00eda<a href=\"http:\/\/es.wikipedia.org\/wiki\/Part%C3%A9nope_%28mitolog%C3%ADa%29\" target=\"_blank\"> Partenope<\/a>,\u00a0a su vez, ofreci\u00f3 estos alimentos a los Dioses, \u00e9stos los convirtieron en el famoso dulce y la sirena lo regal\u00f3 al pueblo, como agradecimiento por la ofrenda inicial.<\/p>\n<p>De un tiempo a esta parte, me he reconciliado con la crostata. No s\u00e9 si porque, la que me hago yo misma en casa, me la ha hecho volver a descubrir o quiz\u00e1 porque, en general, ya que hablamos de sirenitas, he dejado de sufrir el complejo que me mortificaba mientras la com\u00eda. Es duro, dejarlo todo de un d\u00eda a otro por amor; sacrificar tu propia voz, que no es m\u00e1s que la posibilidad de expresarte en tu propia lengua, que al mismo tiempo significa no s\u00f3lo una manera de hablar, sino de vivir, el s\u00edmbolo de una tierra, de una manera de entender el mundo y, sobre todo, no tener cerca a la familia. Quejarse sin embargo, resulta entra\u00f1ablemente rid\u00edculo, cuando resulta que el \u00fanico voluntario de tu exilio has sido t\u00fa mismo. A parte que es tiempo que se pierde, que podr\u00edas invertir en adaptarte, ver las ventajas que te ofrece un lugar nuevo, aprender de las costumbres ajenas. Me parece que, hoy por hoy, estoy totalmente integrada, pero si por alguna raz\u00f3n tuviera que volver con el rabo entre las piernas, al menos podr\u00eda decir que he aprendido a hacer una crostata, m\u00e1s que aceptable.<\/p>\n<hr><div class=\"videobox\"><h3>Visita mi canal de YouTube<\/h3>Si a\u00fan no lo has hecho, te invito a suscribirte a mi <a href=\"https:\/\/www.laragazzacolmattarello.com\/me\/youtubewp\"><strong>canal de YouTube<\/strong><\/a> para no perderte ninguna receta nueva.<br>\n        <strong>\u00a1No olvides seguirme en <a href=\"https:\/\/www.laragazzacolmattarello.com\/me\/igwp\" target=\"_new\" rel=\"noopener\">Instagram<\/a>!<\/strong> All\u00ed comparto m\u00e1s recetas, trucos y contenido especial para los amantes de la cocina italiana.<div class=\"row\">\n        <div class=\"col-xs-12 centertext vspaced\">\n            <h3>\u00a1Las \u00faltimas video recetas de mi canal!<\/h3>\n\n<div id=\"sb_youtube_sbyUCkrxY67wU2ZtStSZsNLPZnw3\" \n\t class=\"sb_youtube sby_layout_gallery sby_col_3 sby_mob_col_1 sby_palette_custom  sby_width_resp\" \n\tdata-feedid=\"sby_UCkrxY67wU2ZtStSZsNLPZnw#3\" \n\tdata-shortcode-atts=\"{&quot;feed&quot;:&quot;2&quot;}\" \n\tdata-cols=\"3\" \n\tdata-colsmobile=\"1\" \n\tdata-num=\"3\" \n\tdata-nummobile=\"3\" \n\tdata-channel-subscribers=\"3.1K subscribers\"\tdata-subscribe-btn=\"1\" \n\tdata-subscribe-btn-text=\"Youtube\" \n\tdata_channel_header_colors =\"{&quot;channelName&quot;:&quot;&quot;,&quot;subscribeCount&quot;:&quot;&quot;,&quot;buttonBackground&quot;:&quot;&quot;,&quot;buttonText&quot;:&quot;&quot;}\"\n\t data-sby-flags=\"resizeDisable\" data-postid=\"501\" \n\t data-videocardlayout=\"vertical\" \n>\n\t    <div id=\"sby_player_VVVrcnhZNjd3VTJadFN0U1pzTkxQWm53LjlFRS1MTlkyNW1J\" class=\"sby_player_outer_wrap sby_player_item\"  style=\"padding: 15px;padding-bottom: 0;\">\n    <div class=\"sby_video_thumbnail_wrap\">\n        <a class=\"sby_video_thumbnail sby_player_video_thumbnail\" href=\"https:\/\/www.youtube.com\/watch?v=9EE-LNY25mI\" target=\"_blank\" rel=\"noopener\" data-full-res=\"https:\/\/i.ytimg.com\/vi\/9EE-LNY25mI\/maxresdefault.jpg\" data-img-src-set=\"{&quot;120&quot;:&quot;https:\\\/\\\/i.ytimg.com\\\/vi\\\/9EE-LNY25mI\\\/default.jpg&quot;,&quot;320&quot;:&quot;https:\\\/\\\/i.ytimg.com\\\/vi\\\/9EE-LNY25mI\\\/mqdefault.jpg&quot;,&quot;480&quot;:&quot;https:\\\/\\\/i.ytimg.com\\\/vi\\\/9EE-LNY25mI\\\/hqdefault.jpg&quot;,&quot;640&quot;:&quot;https:\\\/\\\/i.ytimg.com\\\/vi\\\/9EE-LNY25mI\\\/sddefault.jpg&quot;}\" data-video-id=\"9EE-LNY25mI\">\n            <span class=\"sby-screenreader\">V\u00eddeo de YouTube VVVrcnhZNjd3VTJadFN0U1pzTkxQWm53LjlFRS1MTlkyNW1J<\/span>\n            <img  title=\"Crostata de mermelada de albaricoque ~ Dulces Recetas  ~ La ragazza col mattarello\" decoding=\"async\" src=\"https:\/\/www.laragazzacolmattarello.com\/wp-content\/plugins\/feeds-for-youtube\/img\/placeholder.png\"  alt=\"Crostata de mermelada de albaricoque ~ Dulces Recetas  ~ La ragazza col mattarello\" >\n            <span class=\"sby_loader sby_hidden\" style=\"background-color: rgb(255, 255, 255);\"><\/span>\n        <\/a>\n                    <div class=\"sby_play_btn\">\n            <svg aria-hidden=\"true\" focusable=\"false\" data-prefix=\"fab\" data-icon=\"youtube\" role=\"img\" xmlns=\"http:\/\/www.w3.org\/2000\/svg\" viewBox=\"0 0 576 512\" class=\"svg-inline--fa fa-youtube fa-w-18\"><path fill=\"currentColor\" d=\"M549.655 124.083c-6.281-23.65-24.787-42.276-48.284-48.597C458.781 64 288 64 288 64S117.22 64 74.629 75.486c-23.497 6.322-42.003 24.947-48.284 48.597-11.412 42.867-11.412 132.305-11.412 132.305s0 89.438 11.412 132.305c6.281 23.65 24.787 41.5 48.284 47.821C117.22 448 288 448 288 448s170.78 0 213.371-11.486c23.497-6.321 42.003-24.171 48.284-47.821 11.412-42.867 11.412-132.305 11.412-132.305s0-89.438-11.412-132.305zm-317.51 213.508V175.185l142.739 81.205-142.739 81.201z\" class=\"\"><\/path><\/svg>                <span class=\"sby_play_btn_bg\"><\/span>\n            <\/div>\n                <div class=\"sby_player_wrap\">\n            <div class=\"sby_player\"><\/div>\n        <\/div>\n    <\/div>\n<\/div>\n    <div class=\"sby_items_wrap\" style=\"padding: 15px;\">\n\t\t<div class=\"sby_item  sby_new sby_transition\" id=\"sby_VVVrcnhZNjd3VTJadFN0U1pzTkxQWm53LjlFRS1MTlkyNW1J\" data-date=\"1777043439\" data-video-id=\"9EE-LNY25mI\">\n    <div class=\"sby_inner_item\">\n        <div class=\"sby_video_thumbnail_wrap sby_item_video_thumbnail_wrap\">\n            <a class=\"sby_video_thumbnail sby_item_video_thumbnail\" href=\"https:\/\/www.youtube.com\/watch?v=9EE-LNY25mI\" target=\"_blank\" rel=\"noopener\" data-full-res=\"https:\/\/i.ytimg.com\/vi\/9EE-LNY25mI\/maxresdefault.jpg\" data-img-src-set=\"{&quot;120&quot;:&quot;https:\\\/\\\/i.ytimg.com\\\/vi\\\/9EE-LNY25mI\\\/default.jpg&quot;,&quot;320&quot;:&quot;https:\\\/\\\/i.ytimg.com\\\/vi\\\/9EE-LNY25mI\\\/mqdefault.jpg&quot;,&quot;480&quot;:&quot;https:\\\/\\\/i.ytimg.com\\\/vi\\\/9EE-LNY25mI\\\/hqdefault.jpg&quot;,&quot;640&quot;:&quot;https:\\\/\\\/i.ytimg.com\\\/vi\\\/9EE-LNY25mI\\\/sddefault.jpg&quot;}\" data-video-id=\"9EE-LNY25mI\" data-video-title=\"#Pasta con #habas y #pecorino \ud83d\udd25\u00a1El #secreto es la #brasa! \ud83c\udf3f\ud83e\udd24 \u00a1R\u00fastico y #espectacular! #recetafacil\">\n                <img  title=\"Crostata de mermelada de albaricoque ~ Dulces Recetas  ~ La ragazza col mattarello\" decoding=\"async\" src=\"https:\/\/www.laragazzacolmattarello.com\/wp-content\/plugins\/feeds-for-youtube\/img\/placeholder.png\"  alt=\"Crostata de mermelada de albaricoque ~ Dulces Recetas  ~ La ragazza col mattarello\" >\n\n                <div class=\"sby_thumbnail_hover sby_item_video_thumbnail_hover\">\n                    <div class=\"sby_thumbnail_hover_inner\">\n                                                    <span class=\"sby_video_title\" >#Pasta con #habas y #pecorino \ud83d\udd25\u00a1El #secreto es la #brasa! \ud83c\udf3f\ud83e\udd24 \u00a1R\u00fastico y #espectacular! #recetafacil<\/span>\n                                            <\/div>\n                <\/div>\n\n                                    <div class=\"sby_play_btn\" >\n                        <span class=\"sby_play_btn_bg\"><\/span>\n                        <svg aria-hidden=\"true\" focusable=\"false\" data-prefix=\"fab\" data-icon=\"youtube\" role=\"img\" xmlns=\"http:\/\/www.w3.org\/2000\/svg\" viewBox=\"0 0 576 512\" class=\"svg-inline--fa fa-youtube fa-w-18\"><path fill=\"currentColor\" d=\"M549.655 124.083c-6.281-23.65-24.787-42.276-48.284-48.597C458.781 64 288 64 288 64S117.22 64 74.629 75.486c-23.497 6.322-42.003 24.947-48.284 48.597-11.412 42.867-11.412 132.305-11.412 132.305s0 89.438 11.412 132.305c6.281 23.65 24.787 41.5 48.284 47.821C117.22 448 288 448 288 448s170.78 0 213.371-11.486c23.497-6.321 42.003-24.171 48.284-47.821 11.412-42.867 11.412-132.305 11.412-132.305s0-89.438-11.412-132.305zm-317.51 213.508V175.185l142.739 81.205-142.739 81.201z\" class=\"\"><\/path><\/svg>                    <\/div>\n                                <span class=\"sby_loader sby_hidden\" style=\"background-color: rgb(255, 255, 255);\"><\/span>\n            <\/a>\n\n                    <\/div>\n    <\/div>\n<\/div><div class=\"sby_item  sby_new sby_transition\" id=\"sby_VVVrcnhZNjd3VTJadFN0U1pzTkxQWm53Lmg4Y0xlQ0ZKNWEw\" data-date=\"1776545290\" data-video-id=\"h8cLeCFJ5a0\">\n    <div class=\"sby_inner_item\">\n        <div class=\"sby_video_thumbnail_wrap sby_item_video_thumbnail_wrap\">\n            <a class=\"sby_video_thumbnail sby_item_video_thumbnail\" href=\"https:\/\/www.youtube.com\/watch?v=h8cLeCFJ5a0\" target=\"_blank\" rel=\"noopener\" data-full-res=\"https:\/\/i.ytimg.com\/vi\/h8cLeCFJ5a0\/maxresdefault.jpg\" data-img-src-set=\"{&quot;120&quot;:&quot;https:\\\/\\\/i.ytimg.com\\\/vi\\\/h8cLeCFJ5a0\\\/default.jpg&quot;,&quot;320&quot;:&quot;https:\\\/\\\/i.ytimg.com\\\/vi\\\/h8cLeCFJ5a0\\\/mqdefault.jpg&quot;,&quot;480&quot;:&quot;https:\\\/\\\/i.ytimg.com\\\/vi\\\/h8cLeCFJ5a0\\\/hqdefault.jpg&quot;,&quot;640&quot;:&quot;https:\\\/\\\/i.ytimg.com\\\/vi\\\/h8cLeCFJ5a0\\\/sddefault.jpg&quot;}\" data-video-id=\"h8cLeCFJ5a0\" data-video-title=\"\u00a1GRACIAS! \u2764\ufe0f\ud83e\udd79 Celebramos los 3.000 suscriptores con vosotros \ud83c\udf89\">\n                <img  title=\"Crostata de mermelada de albaricoque ~ Dulces Recetas  ~ La ragazza col mattarello\" decoding=\"async\" src=\"https:\/\/www.laragazzacolmattarello.com\/wp-content\/plugins\/feeds-for-youtube\/img\/placeholder.png\"  alt=\"Crostata de mermelada de albaricoque ~ Dulces Recetas  ~ La ragazza col mattarello\" >\n\n                <div class=\"sby_thumbnail_hover sby_item_video_thumbnail_hover\">\n                    <div class=\"sby_thumbnail_hover_inner\">\n                                                    <span class=\"sby_video_title\" >\u00a1GRACIAS! \u2764\ufe0f\ud83e\udd79 Celebramos los 3.000 suscriptores con vosotros \ud83c\udf89<\/span>\n                                            <\/div>\n                <\/div>\n\n                                    <div class=\"sby_play_btn\" >\n                        <span class=\"sby_play_btn_bg\"><\/span>\n                        <svg aria-hidden=\"true\" focusable=\"false\" data-prefix=\"fab\" data-icon=\"youtube\" role=\"img\" xmlns=\"http:\/\/www.w3.org\/2000\/svg\" viewBox=\"0 0 576 512\" class=\"svg-inline--fa fa-youtube fa-w-18\"><path fill=\"currentColor\" d=\"M549.655 124.083c-6.281-23.65-24.787-42.276-48.284-48.597C458.781 64 288 64 288 64S117.22 64 74.629 75.486c-23.497 6.322-42.003 24.947-48.284 48.597-11.412 42.867-11.412 132.305-11.412 132.305s0 89.438 11.412 132.305c6.281 23.65 24.787 41.5 48.284 47.821C117.22 448 288 448 288 448s170.78 0 213.371-11.486c23.497-6.321 42.003-24.171 48.284-47.821 11.412-42.867 11.412-132.305 11.412-132.305s0-89.438-11.412-132.305zm-317.51 213.508V175.185l142.739 81.205-142.739 81.201z\" class=\"\"><\/path><\/svg>                    <\/div>\n                                <span class=\"sby_loader sby_hidden\" style=\"background-color: rgb(255, 255, 255);\"><\/span>\n            <\/a>\n\n                    <\/div>\n    <\/div>\n<\/div><div class=\"sby_item  sby_new sby_transition\" id=\"sby_VVVrcnhZNjd3VTJadFN0U1pzTkxQWm53Li0zQWlOcWU5V3k4\" data-date=\"1776242044\" data-video-id=\"-3AiNqe9Wy8\">\n    <div class=\"sby_inner_item\">\n        <div class=\"sby_video_thumbnail_wrap sby_item_video_thumbnail_wrap\">\n            <a class=\"sby_video_thumbnail sby_item_video_thumbnail\" href=\"https:\/\/www.youtube.com\/watch?v=-3AiNqe9Wy8\" target=\"_blank\" rel=\"noopener\" data-full-res=\"https:\/\/i.ytimg.com\/vi\/-3AiNqe9Wy8\/maxresdefault.jpg\" data-img-src-set=\"{&quot;120&quot;:&quot;https:\\\/\\\/i.ytimg.com\\\/vi\\\/-3AiNqe9Wy8\\\/default.jpg&quot;,&quot;320&quot;:&quot;https:\\\/\\\/i.ytimg.com\\\/vi\\\/-3AiNqe9Wy8\\\/mqdefault.jpg&quot;,&quot;480&quot;:&quot;https:\\\/\\\/i.ytimg.com\\\/vi\\\/-3AiNqe9Wy8\\\/hqdefault.jpg&quot;,&quot;640&quot;:&quot;https:\\\/\\\/i.ytimg.com\\\/vi\\\/-3AiNqe9Wy8\\\/sddefault.jpg&quot;}\" data-video-id=\"-3AiNqe9Wy8\" data-video-title=\"#Risotto con #Radicchio y #Gorgonzola \ud83e\uddc0 \ud83c\udf30 \u00a1El contraste de texturas que se hace #equilibrio! #arroz\">\n                <img  title=\"Crostata de mermelada de albaricoque ~ Dulces Recetas  ~ La ragazza col mattarello\" decoding=\"async\" src=\"https:\/\/www.laragazzacolmattarello.com\/wp-content\/plugins\/feeds-for-youtube\/img\/placeholder.png\"  alt=\"Crostata de mermelada de albaricoque ~ Dulces Recetas  ~ La ragazza col mattarello\" >\n\n                <div class=\"sby_thumbnail_hover sby_item_video_thumbnail_hover\">\n                    <div class=\"sby_thumbnail_hover_inner\">\n                                                    <span class=\"sby_video_title\" >#Risotto con #Radicchio y #Gorgonzola \ud83e\uddc0 \ud83c\udf30 \u00a1El contraste de texturas que se hace #equilibrio! #arroz<\/span>\n                                            <\/div>\n                <\/div>\n\n                                    <div class=\"sby_play_btn\" >\n                        <span class=\"sby_play_btn_bg\"><\/span>\n                        <svg aria-hidden=\"true\" focusable=\"false\" data-prefix=\"fab\" data-icon=\"youtube\" role=\"img\" xmlns=\"http:\/\/www.w3.org\/2000\/svg\" viewBox=\"0 0 576 512\" class=\"svg-inline--fa fa-youtube fa-w-18\"><path fill=\"currentColor\" d=\"M549.655 124.083c-6.281-23.65-24.787-42.276-48.284-48.597C458.781 64 288 64 288 64S117.22 64 74.629 75.486c-23.497 6.322-42.003 24.947-48.284 48.597-11.412 42.867-11.412 132.305-11.412 132.305s0 89.438 11.412 132.305c6.281 23.65 24.787 41.5 48.284 47.821C117.22 448 288 448 288 448s170.78 0 213.371-11.486c23.497-6.321 42.003-24.171 48.284-47.821 11.412-42.867 11.412-132.305 11.412-132.305s0-89.438-11.412-132.305zm-317.51 213.508V175.185l142.739 81.205-142.739 81.201z\" class=\"\"><\/path><\/svg>                    <\/div>\n                                <span class=\"sby_loader sby_hidden\" style=\"background-color: rgb(255, 255, 255);\"><\/span>\n            <\/a>\n\n                    <\/div>\n    <\/div>\n<\/div>    <\/div>\n    \n\t<div class=\"sby_footer\">\n\n\n<\/div>\n    \n\t\n<\/div>\n\n\t<style type=\"text\/css\">\n\t\t\t\t\t\t\tbody #sb_youtube_sbyUCkrxY67wU2ZtStSZsNLPZnw3.sb_youtube.sby_palette_custom .sby_follow_btn a {\n\t\t\tbackground: #c91f1f;\n\t\t}\n    \t\t\tbody #sb_youtube_sbyUCkrxY67wU2ZtStSZsNLPZnw3.sb_youtube.sby_palette_custom .sby_footer .sby_load_btn {\n\t\t\tbackground: #c91f1f;\n\t\t}\n        <\/style>\n\t<style type=\"text\/css\">body #sb_youtube_sbyUCkrxY67wU2ZtStSZsNLPZnw3 .sby_load_btn:hover { background: #c91f1f !important}body #sb_youtube_sbyUCkrxY67wU2ZtStSZsNLPZnw3 .sby_caption_wrap .sby_caption { font-size: 13px !important}body #sb_youtube_sbyUCkrxY67wU2ZtStSZsNLPZnw3 .sby_follow_btn a:hover { box-shadow:inset 0 0 10px 20px rgb(255, 255, 255, .25) !important}body #sb_youtube_sbyUCkrxY67wU2ZtStSZsNLPZnw3[data-videostyle=boxed] .sby_items_wrap .sby_item .sby_inner_item { background-color: #ffffff !important}<\/style><script type=\"text\/javascript\">if (typeof sbyOptions === \"undefined\") var sbyOptions = {\"adminAjaxUrl\":\"https:\\\/\\\/www.laragazzacolmattarello.com\\\/wp-admin\\\/admin-ajax.php\",\"placeholder\":\"https:\\\/\\\/www.laragazzacolmattarello.com\\\/wp-content\\\/plugins\\\/feeds-for-youtube\\\/img\\\/placeholder.png\",\"placeholderNarrow\":\"https:\\\/\\\/www.laragazzacolmattarello.com\\\/wp-content\\\/plugins\\\/feeds-for-youtube\\\/img\\\/placeholder-narrow.png\",\"lightboxPlaceholder\":\"https:\\\/\\\/www.laragazzacolmattarello.com\\\/wp-content\\\/plugins\\\/feeds-for-youtube\\\/img\\\/lightbox-placeholder.png\",\"lightboxPlaceholderNarrow\":\"https:\\\/\\\/www.laragazzacolmattarello.com\\\/wp-content\\\/plugins\\\/feeds-for-youtube\\\/img\\\/lightbox-placeholder-narrow.png\",\"autoplay\":true,\"semiEagerload\":true,\"eagerload\":true};<\/script><script type='text\/javascript' src='https:\/\/www.laragazzacolmattarello.com\/wp-content\/plugins\/feeds-for-youtube\/public\/build\/js\/sb-youtube.js'><\/script><\/div>\n    <\/div><\/div><hr><div class=\"centertext\"><h3>La ficha<\/h3><\/div>\n<div class=\"easyrecipe\">\t<link itemprop=\"image\" href=\"http:\/\/www.laragazzacolmattarello.com\/wp-content\/uploads\/2013\/02\/IMG_4653m-1024x682.jpg\" \/>\n<div class=\"item ERName\">Crostata de mermelada de albaricoque<\/div>\n<div class=\"ERClear\"><\/div>\n<div class=\"ERHead\">Author: <span class=\"author\">La ragazza col mattarello<\/span><\/div>\n<div class=\"ERHead\">Prep time: <time itemprop=\"prepTime\" datetime=\"PT20M\">20 mins<\/time><\/div>\n<div class=\"ERHead\">Cook time: <time itemprop=\"cookTime\" datetime=\"PT40M\">40 mins<\/time><\/div>\n<div class=\"ERHead\">Total time: <time itemprop=\"totalTime\" datetime=\"PT1H\">1 hour<\/time><\/div>\n<div class=\"ERHead\">Serves: <span class=\"yield\">6<\/span><\/div>\n<div class=\"ERIngredients\">\n<div class=\"ERIngredientsHeader\">Ingredients<\/div>\n<ul class=\"ingredients\">\n<li class=\"ingredient\">300 g de harina de trigo<\/li>\n<li class=\"ingredient\">100 g de az\u00facar<\/li>\n<li class=\"ingredient\">100 g de mantequilla<\/li>\n<li class=\"ingredient\">1 cucharadita de levadura qu\u00edmica (la royal de toda la vida)<\/li>\n<li class=\"ingredient\">1 Lim\u00f3n<\/li>\n<li class=\"ingredient\">2 huevos<\/li>\n<li class=\"ingredient\">Una pizca de sal<\/li>\n<li class=\"ingredient\">1 bote de mermelada de albaricoque, (o de la que m\u00e1s os guste)<\/li>\n<\/ul>\n<\/div>\n<div class=\"ERInstructions\">\n<div class=\"ERInstructionsHeader\">Instructions<\/div>\n<div class=\"instructions\">\n<ol>\n<li class=\"instruction\">Poner la harina sobre el m\u00e1rmol o cualquier superficie plana, (y limpia) encima de la cual se pueda amasar la pasta frolla con comodidad.<\/li>\n<li class=\"instruction\">Hacer un agujero en medio de la monta\u00f1a de harina y a\u00f1adir el az\u00facar, los huevos, la levadura, la mantequilla cortada a trocitos, la corteza rallada de un lim\u00f3n, los huevos, una pizca de sal y amasarlo todo hasta que la masa sea compacta. Si ten\u00e9is un robot de cocina, poner los ingredientes dentro del bol y que os haga \u00e9l el trabajo.<\/li>\n<li class=\"instruction\">Hacer una bola con la pasta, envolverla con film de pl\u00e1stico y dejarla al menos media hora en la nevera.<\/li>\n<li class=\"instruction\">Sacar la masa de la nevera y estirarla con el rodillo. Si no quer\u00e9is ensuciar el rodillo y evitar que se \u200b\u200bpegue a la masa, colocar una hoja de papel sobre la masa y rodar el rodillo por encima. El espesor de la masa debe ser de unos 4 mm.<\/li>\n<li class=\"instruction\">Poner a calentar el horno a 180 grados.<\/li>\n<li class=\"instruction\">Untar el molde con mantequilla y colocar dentro de la pasta, cortando la que sobresale del molde.<\/li>\n<li class=\"instruction\">Poner una capa de mermelada sobre la base de la crostata.<\/li>\n<li class=\"instruction\">Con la pasta que ha sobrado, hacer una bola, estirarla con el rodillo y en cortarla a tiras para la decoraci\u00f3n de la crostata.<\/li>\n<li class=\"instruction\">Cruzar las tiras de pasta sobre la mermelada formando una parrilla como la de la fotograf\u00eda.<\/li>\n<li class=\"instruction\">Unir los extremos de las tiras con los bordes de pasta de la crostata con un tenedor. (Yo lo he hecho con los dedos, porque a veces soy un poco chapucera)<\/li>\n<li class=\"instruction\">Hornear la crostata 40 minutos. Si el horno es ventilado, con media hora bastar\u00e1.<\/li>\n<\/ol>\n<\/div>\n<\/div>\n<div class=\"ERNutrition\"><\/div>\n<div class=\"endeasyrecipe\" style=\"display: none;\">3.2.1226<\/div>\n<\/div>\n<p>&nbsp;<\/p>\n<p>&nbsp;<\/p>\n","protected":false},"excerpt":{"rendered":"<p>Creo que no adivinar\u00edais nunca cu\u00e1l es el dulce que me viene a la cabeza pensando en Italia. No son los famos\u00edsimos helados, ni el tiramis\u00fa, ni tampoco la panna cotta, sino la crostata di albicocca que me com\u00eda los s\u00e1bados por la tarde, en el bar que nos quedaba cerca de casa, cuando viv\u00edamos en Bracciano. No ten\u00edan nada m\u00e1s, a la hora de merendar, ya que se trataba de un lugar principalmente concurrido por la ma\u00f1ana y de lunes a viernes. No estaban mal, aquellas crostatine, pero no lo suficiente como para distraerme del hecho de que era otro s\u00e1bado por la tarde, de otro fin de semana lejos de mi familia, que como actividad m\u00e1s excitante de la que disfrutar\u00eda ser\u00eda precisamente comerme una crostatina, apoyada en la barra de un bar de carretera muy de abuelos, junto al hospital del segundo pueblo m\u00e1s aburrido de toda Italia, por mucho que en su famoso castillo se hubieran casado el todav\u00eda m\u00e1s popular Tom Cruise y santa Katie. Momentos en los que mi moderador mental se aburr\u00eda hasta caer dormido y terminaban tomando la palabra los pensamientos y sentimientos m\u00e1s visceralmente humanos para, resumiendo, preguntarme qu\u00e9 diablos estaba haciendo en Italia. Supongo que la asociaci\u00f3n crostata-a\u00f1oranza, de mis primeros meses lejos de casa es lo que me hizo aborrecer las crostate e Italia por un buen tiempo. La protagonista del post, m\u00e1s que un postre, entrar\u00eda en la categor\u00eda de pasta, porque en su versi\u00f3n m\u00e1s simple, la de albaricoque o melocot\u00f3n y la de de ar\u00e1ndanos, se suele comer para desayunar, merendar o acompa\u00f1ar un caf\u00e9, y muy raramente como apoteosis final de una comida. Para encontrar un trozo de crostata o bien una crostatina, la versi\u00f3n individual de la crostata, no es necesario acudir a la pasteler\u00eda. La tienen en bares, hornos de pan y supermercados. La crostata italiana es tan antigua, que no se le conocen exactamente los or\u00edgenes. Circulan varias historias e incluso una leyenda muy curiosa, con N\u00e1poles como \u00fanico escenario o punto en com\u00fan. La leyenda habla de las ofrendas primaverales que el pueblo llevaba al Golfo de N\u00e1poles para la Sirena Partenope. Le entregaban lo m\u00e1s precioso que pose\u00edan, que no eran m\u00e1s que los ingredientes de la crostata de ricotta por separado. Un d\u00eda Partenope,\u00a0a su vez, ofreci\u00f3 estos alimentos a los Dioses, \u00e9stos los convirtieron en el famoso dulce y la sirena lo regal\u00f3 al pueblo, como agradecimiento por la ofrenda inicial. De un tiempo a esta parte, me he reconciliado con la crostata. No s\u00e9 si porque, la que me hago yo misma en casa, me la ha hecho volver a descubrir o quiz\u00e1 porque, en general, ya que hablamos de sirenitas, he dejado de sufrir el complejo que me mortificaba mientras la com\u00eda. Es duro, dejarlo todo de un d\u00eda a otro por amor; sacrificar tu propia voz, que no es m\u00e1s que la posibilidad de expresarte en tu propia lengua, que al mismo tiempo significa no s\u00f3lo una manera de hablar, sino de vivir, el s\u00edmbolo de una tierra, de una manera de entender el mundo y, sobre todo, no tener cerca a la familia. Quejarse sin embargo, resulta entra\u00f1ablemente rid\u00edculo, cuando resulta que el \u00fanico voluntario de tu exilio has sido t\u00fa mismo. A parte que es tiempo que se pierde, que podr\u00edas invertir en adaptarte, ver las ventajas que te ofrece un lugar nuevo, aprender de las costumbres ajenas. Me parece que, hoy por hoy, estoy totalmente integrada, pero si por alguna raz\u00f3n tuviera que volver con el rabo entre las piernas, al menos podr\u00eda decir que he aprendido a hacer una crostata, m\u00e1s que aceptable. Crostata de mermelada de albaricoque Author: La ragazza col mattarello Prep time: 20 mins Cook time: 40 mins Total time: 1 hour Serves: 6 Ingredients 300 g de harina de trigo 100 g de az\u00facar 100 g de mantequilla 1 cucharadita de levadura qu\u00edmica (la royal de toda la vida) 1 Lim\u00f3n 2 huevos Una pizca de sal 1 bote de mermelada de albaricoque, (o de la que m\u00e1s os guste) Instructions Poner la harina sobre el m\u00e1rmol o cualquier superficie plana, (y limpia) encima de la cual se pueda amasar la pasta frolla con comodidad. Hacer un agujero en medio de la monta\u00f1a de harina y a\u00f1adir el az\u00facar, los huevos, la levadura, la mantequilla cortada a trocitos, la corteza rallada de un lim\u00f3n, los huevos, una pizca de sal y amasarlo todo hasta que la masa sea compacta. Si ten\u00e9is un robot de cocina, poner los ingredientes dentro del bol y que os haga \u00e9l el trabajo. Hacer una bola con la pasta, envolverla con film de pl\u00e1stico y dejarla al menos media hora en la nevera. Sacar la masa de la nevera y estirarla con el rodillo. Si no quer\u00e9is ensuciar el rodillo y evitar que se \u200b\u200bpegue a la masa, colocar una hoja de papel sobre la masa y rodar el rodillo por encima. El espesor de la masa debe ser de unos 4 mm. Poner a calentar el horno a 180 grados. Untar el molde con mantequilla y colocar dentro de la pasta, cortando la que sobresale del molde. Poner una capa de mermelada sobre la base de la crostata. Con la pasta que ha sobrado, hacer una bola, estirarla con el rodillo y en cortarla a tiras para la decoraci\u00f3n de la crostata. Cruzar las tiras de pasta sobre la mermelada formando una parrilla como la de la fotograf\u00eda. Unir los extremos de las tiras con los bordes de pasta de la crostata con un tenedor. (Yo lo he hecho con los dedos, porque a veces soy un poco chapucera) Hornear la crostata 40 minutos. Si el horno es ventilado, con media hora bastar\u00e1. 3.2.1226 &nbsp; &nbsp;<\/p>\n","protected":false},"author":1,"featured_media":496,"comment_status":"open","ping_status":"closed","sticky":false,"template":"","format":"standard","meta":{"wprm-recipe-roundup-name":"","wprm-recipe-roundup-description":"","footnotes":""},"categories":[22,20],"tags":[112],"class_list":["post-501","post","type-post","status-publish","format-standard","has-post-thumbnail","hentry","category-dulces","category-recetas","tag-mermelada"],"yoast_head":"<!-- This site is optimized with the Yoast SEO plugin v27.5 - https:\/\/yoast.com\/product\/yoast-seo-wordpress\/ -->\n<title>Crostata de mermelada de albaricoque ~ La ragazza col mattarello<\/title>\n<meta name=\"description\" content=\"Creo que no adivinar\u00edais nunca cu\u00e1l es el dulce que me viene a la cabeza pensando en Italia. No son los famos\u00edsimos helados, ni el tiramis\u00fa, ni tampoco la\" \/>\n<meta name=\"robots\" content=\"index, follow, max-snippet:-1, max-image-preview:large, max-video-preview:-1\" \/>\n<link rel=\"canonical\" href=\"https:\/\/www.laragazzacolmattarello.com\/es\/crostata-de-mermelada-de-albaricoque\/\" \/>\n<meta property=\"og:locale\" content=\"es_ES\" \/>\n<meta property=\"og:type\" content=\"article\" \/>\n<meta property=\"og:title\" content=\"Crostata de mermelada de albaricoque ~ La ragazza col mattarello\" \/>\n<meta property=\"og:description\" content=\"Creo que no adivinar\u00edais nunca cu\u00e1l es el dulce que me viene a la cabeza pensando en Italia. No son los famos\u00edsimos helados, ni el tiramis\u00fa, ni tampoco la\" \/>\n<meta property=\"og:url\" content=\"https:\/\/www.laragazzacolmattarello.com\/es\/crostata-de-mermelada-de-albaricoque\/\" \/>\n<meta property=\"og:site_name\" content=\"La ragazza col mattarello\" \/>\n<meta property=\"article:publisher\" content=\"https:\/\/www.facebook.com\/laragazzacolmattarello\" \/>\n<meta property=\"article:published_time\" content=\"2013-02-27T01:50:21+00:00\" \/>\n<meta property=\"article:modified_time\" content=\"2013-04-02T11:30:33+00:00\" \/>\n<meta property=\"og:image\" content=\"https:\/\/www.laragazzacolmattarello.com\/wp-content\/uploads\/2013\/02\/IMG_4643m-e1361929561423.jpg\" \/>\n\t<meta property=\"og:image:width\" content=\"620\" \/>\n\t<meta property=\"og:image:height\" content=\"414\" \/>\n\t<meta property=\"og:image:type\" content=\"image\/jpeg\" \/>\n<meta name=\"author\" content=\"Mia Mattarello\" \/>\n<meta name=\"twitter:card\" content=\"summary_large_image\" \/>\n<meta name=\"twitter:creator\" content=\"@mattarellogirl\" \/>\n<meta name=\"twitter:site\" content=\"@mattarellogirl\" \/>\n<meta name=\"twitter:label1\" content=\"Escrito por\" \/>\n\t<meta name=\"twitter:data1\" content=\"Mia Mattarello\" \/>\n\t<meta name=\"twitter:label2\" content=\"Tiempo de lectura\" \/>\n\t<meta name=\"twitter:data2\" content=\"5 minutos\" \/>\n<script type=\"application\/ld+json\" class=\"yoast-schema-graph\">{\"@context\":\"https:\\\/\\\/schema.org\",\"@graph\":[{\"@type\":\"WebPage\",\"@id\":\"https:\\\/\\\/www.laragazzacolmattarello.com\\\/es\\\/crostata-de-mermelada-de-albaricoque\\\/\",\"url\":\"https:\\\/\\\/www.laragazzacolmattarello.com\\\/es\\\/crostata-de-mermelada-de-albaricoque\\\/\",\"name\":\"Crostata de mermelada de albaricoque ~ La ragazza col mattarello\",\"isPartOf\":{\"@id\":\"https:\\\/\\\/www.laragazzacolmattarello.com\\\/es\\\/#website\"},\"primaryImageOfPage\":{\"@id\":\"https:\\\/\\\/www.laragazzacolmattarello.com\\\/es\\\/crostata-de-mermelada-de-albaricoque\\\/#primaryimage\"},\"image\":{\"@id\":\"https:\\\/\\\/www.laragazzacolmattarello.com\\\/es\\\/crostata-de-mermelada-de-albaricoque\\\/#primaryimage\"},\"thumbnailUrl\":\"https:\\\/\\\/www.laragazzacolmattarello.com\\\/wp-content\\\/uploads\\\/2013\\\/02\\\/IMG_4643m-e1361929561423.jpg\",\"datePublished\":\"2013-02-27T01:50:21+00:00\",\"dateModified\":\"2013-04-02T11:30:33+00:00\",\"description\":\"Creo que no adivinar\u00edais nunca cu\u00e1l es el dulce que me viene a la cabeza pensando en Italia. No son los famos\u00edsimos helados, ni el tiramis\u00fa, ni tampoco la\",\"breadcrumb\":{\"@id\":\"https:\\\/\\\/www.laragazzacolmattarello.com\\\/es\\\/crostata-de-mermelada-de-albaricoque\\\/#breadcrumb\"},\"inLanguage\":\"es\",\"potentialAction\":[{\"@type\":\"ReadAction\",\"target\":[\"https:\\\/\\\/www.laragazzacolmattarello.com\\\/es\\\/crostata-de-mermelada-de-albaricoque\\\/\"]}]},{\"@type\":\"ImageObject\",\"inLanguage\":\"es\",\"@id\":\"https:\\\/\\\/www.laragazzacolmattarello.com\\\/es\\\/crostata-de-mermelada-de-albaricoque\\\/#primaryimage\",\"url\":\"https:\\\/\\\/www.laragazzacolmattarello.com\\\/wp-content\\\/uploads\\\/2013\\\/02\\\/IMG_4643m-e1361929561423.jpg\",\"contentUrl\":\"https:\\\/\\\/www.laragazzacolmattarello.com\\\/wp-content\\\/uploads\\\/2013\\\/02\\\/IMG_4643m-e1361929561423.jpg\",\"width\":620,\"height\":414},{\"@type\":\"BreadcrumbList\",\"@id\":\"https:\\\/\\\/www.laragazzacolmattarello.com\\\/es\\\/crostata-de-mermelada-de-albaricoque\\\/#breadcrumb\",\"itemListElement\":[{\"@type\":\"ListItem\",\"position\":1,\"name\":\"Inicio\",\"item\":\"https:\\\/\\\/www.laragazzacolmattarello.com\\\/es\\\/\"},{\"@type\":\"ListItem\",\"position\":2,\"name\":\"Crostata de mermelada de albaricoque\"}]},{\"@type\":\"WebSite\",\"@id\":\"https:\\\/\\\/www.laragazzacolmattarello.com\\\/es\\\/#website\",\"url\":\"https:\\\/\\\/www.laragazzacolmattarello.com\\\/es\\\/\",\"name\":\"La ragazza col mattarello\",\"description\":\"Recetas tradicionales italianas\",\"publisher\":{\"@id\":\"https:\\\/\\\/www.laragazzacolmattarello.com\\\/es\\\/#organization\"},\"potentialAction\":[{\"@type\":\"SearchAction\",\"target\":{\"@type\":\"EntryPoint\",\"urlTemplate\":\"https:\\\/\\\/www.laragazzacolmattarello.com\\\/es\\\/?s={search_term_string}\"},\"query-input\":{\"@type\":\"PropertyValueSpecification\",\"valueRequired\":true,\"valueName\":\"search_term_string\"}}],\"inLanguage\":\"es\"},{\"@type\":\"Organization\",\"@id\":\"https:\\\/\\\/www.laragazzacolmattarello.com\\\/es\\\/#organization\",\"name\":\"La ragazza col mattarello\",\"url\":\"https:\\\/\\\/www.laragazzacolmattarello.com\\\/es\\\/\",\"logo\":{\"@type\":\"ImageObject\",\"inLanguage\":\"es\",\"@id\":\"https:\\\/\\\/www.laragazzacolmattarello.com\\\/es\\\/#\\\/schema\\\/logo\\\/image\\\/\",\"url\":\"https:\\\/\\\/www.laragazzacolmattarello.com\\\/wp-content\\\/uploads\\\/2019\\\/10\\\/la_ragazza_col_mattarello_192x192_PWA.png\",\"contentUrl\":\"https:\\\/\\\/www.laragazzacolmattarello.com\\\/wp-content\\\/uploads\\\/2019\\\/10\\\/la_ragazza_col_mattarello_192x192_PWA.png\",\"width\":192,\"height\":192,\"caption\":\"La ragazza col mattarello\"},\"image\":{\"@id\":\"https:\\\/\\\/www.laragazzacolmattarello.com\\\/es\\\/#\\\/schema\\\/logo\\\/image\\\/\"},\"sameAs\":[\"https:\\\/\\\/www.facebook.com\\\/laragazzacolmattarello\",\"https:\\\/\\\/x.com\\\/mattarellogirl\",\"https:\\\/\\\/www.instagram.com\\\/mattarellogirl\\\/\",\"https:\\\/\\\/www.pinterest.com\\\/mattarellogirl\\\/\",\"https:\\\/\\\/www.youtube.com\\\/@laragazzacolmattarello\"]}]}<\/script>\n<!-- \/ Yoast SEO plugin. -->","yoast_head_json":{"title":"Crostata de mermelada de albaricoque ~ La ragazza col mattarello","description":"Creo que no adivinar\u00edais nunca cu\u00e1l es el dulce que me viene a la cabeza pensando en Italia. No son los famos\u00edsimos helados, ni el tiramis\u00fa, ni tampoco la","robots":{"index":"index","follow":"follow","max-snippet":"max-snippet:-1","max-image-preview":"max-image-preview:large","max-video-preview":"max-video-preview:-1"},"canonical":"https:\/\/www.laragazzacolmattarello.com\/es\/crostata-de-mermelada-de-albaricoque\/","og_locale":"es_ES","og_type":"article","og_title":"Crostata de mermelada de albaricoque ~ La ragazza col mattarello","og_description":"Creo que no adivinar\u00edais nunca cu\u00e1l es el dulce que me viene a la cabeza pensando en Italia. No son los famos\u00edsimos helados, ni el tiramis\u00fa, ni tampoco la","og_url":"https:\/\/www.laragazzacolmattarello.com\/es\/crostata-de-mermelada-de-albaricoque\/","og_site_name":"La ragazza col mattarello","article_publisher":"https:\/\/www.facebook.com\/laragazzacolmattarello","article_published_time":"2013-02-27T01:50:21+00:00","article_modified_time":"2013-04-02T11:30:33+00:00","og_image":[{"width":620,"height":414,"url":"https:\/\/www.laragazzacolmattarello.com\/wp-content\/uploads\/2013\/02\/IMG_4643m-e1361929561423.jpg","type":"image\/jpeg"}],"author":"Mia Mattarello","twitter_card":"summary_large_image","twitter_creator":"@mattarellogirl","twitter_site":"@mattarellogirl","twitter_misc":{"Escrito por":"Mia Mattarello","Tiempo de lectura":"5 minutos"},"schema":{"@context":"https:\/\/schema.org","@graph":[{"@type":"WebPage","@id":"https:\/\/www.laragazzacolmattarello.com\/es\/crostata-de-mermelada-de-albaricoque\/","url":"https:\/\/www.laragazzacolmattarello.com\/es\/crostata-de-mermelada-de-albaricoque\/","name":"Crostata de mermelada de albaricoque ~ La ragazza col mattarello","isPartOf":{"@id":"https:\/\/www.laragazzacolmattarello.com\/es\/#website"},"primaryImageOfPage":{"@id":"https:\/\/www.laragazzacolmattarello.com\/es\/crostata-de-mermelada-de-albaricoque\/#primaryimage"},"image":{"@id":"https:\/\/www.laragazzacolmattarello.com\/es\/crostata-de-mermelada-de-albaricoque\/#primaryimage"},"thumbnailUrl":"https:\/\/www.laragazzacolmattarello.com\/wp-content\/uploads\/2013\/02\/IMG_4643m-e1361929561423.jpg","datePublished":"2013-02-27T01:50:21+00:00","dateModified":"2013-04-02T11:30:33+00:00","description":"Creo que no adivinar\u00edais nunca cu\u00e1l es el dulce que me viene a la cabeza pensando en Italia. No son los famos\u00edsimos helados, ni el tiramis\u00fa, ni tampoco la","breadcrumb":{"@id":"https:\/\/www.laragazzacolmattarello.com\/es\/crostata-de-mermelada-de-albaricoque\/#breadcrumb"},"inLanguage":"es","potentialAction":[{"@type":"ReadAction","target":["https:\/\/www.laragazzacolmattarello.com\/es\/crostata-de-mermelada-de-albaricoque\/"]}]},{"@type":"ImageObject","inLanguage":"es","@id":"https:\/\/www.laragazzacolmattarello.com\/es\/crostata-de-mermelada-de-albaricoque\/#primaryimage","url":"https:\/\/www.laragazzacolmattarello.com\/wp-content\/uploads\/2013\/02\/IMG_4643m-e1361929561423.jpg","contentUrl":"https:\/\/www.laragazzacolmattarello.com\/wp-content\/uploads\/2013\/02\/IMG_4643m-e1361929561423.jpg","width":620,"height":414},{"@type":"BreadcrumbList","@id":"https:\/\/www.laragazzacolmattarello.com\/es\/crostata-de-mermelada-de-albaricoque\/#breadcrumb","itemListElement":[{"@type":"ListItem","position":1,"name":"Inicio","item":"https:\/\/www.laragazzacolmattarello.com\/es\/"},{"@type":"ListItem","position":2,"name":"Crostata de mermelada de albaricoque"}]},{"@type":"WebSite","@id":"https:\/\/www.laragazzacolmattarello.com\/es\/#website","url":"https:\/\/www.laragazzacolmattarello.com\/es\/","name":"La ragazza col mattarello","description":"Recetas tradicionales italianas","publisher":{"@id":"https:\/\/www.laragazzacolmattarello.com\/es\/#organization"},"potentialAction":[{"@type":"SearchAction","target":{"@type":"EntryPoint","urlTemplate":"https:\/\/www.laragazzacolmattarello.com\/es\/?s={search_term_string}"},"query-input":{"@type":"PropertyValueSpecification","valueRequired":true,"valueName":"search_term_string"}}],"inLanguage":"es"},{"@type":"Organization","@id":"https:\/\/www.laragazzacolmattarello.com\/es\/#organization","name":"La ragazza col mattarello","url":"https:\/\/www.laragazzacolmattarello.com\/es\/","logo":{"@type":"ImageObject","inLanguage":"es","@id":"https:\/\/www.laragazzacolmattarello.com\/es\/#\/schema\/logo\/image\/","url":"https:\/\/www.laragazzacolmattarello.com\/wp-content\/uploads\/2019\/10\/la_ragazza_col_mattarello_192x192_PWA.png","contentUrl":"https:\/\/www.laragazzacolmattarello.com\/wp-content\/uploads\/2019\/10\/la_ragazza_col_mattarello_192x192_PWA.png","width":192,"height":192,"caption":"La ragazza col mattarello"},"image":{"@id":"https:\/\/www.laragazzacolmattarello.com\/es\/#\/schema\/logo\/image\/"},"sameAs":["https:\/\/www.facebook.com\/laragazzacolmattarello","https:\/\/x.com\/mattarellogirl","https:\/\/www.instagram.com\/mattarellogirl\/","https:\/\/www.pinterest.com\/mattarellogirl\/","https:\/\/www.youtube.com\/@laragazzacolmattarello"]}]}},"amp_enabled":true,"_links":{"self":[{"href":"https:\/\/www.laragazzacolmattarello.com\/es\/wp-json\/wp\/v2\/posts\/501","targetHints":{"allow":["GET"]}}],"collection":[{"href":"https:\/\/www.laragazzacolmattarello.com\/es\/wp-json\/wp\/v2\/posts"}],"about":[{"href":"https:\/\/www.laragazzacolmattarello.com\/es\/wp-json\/wp\/v2\/types\/post"}],"author":[{"embeddable":true,"href":"https:\/\/www.laragazzacolmattarello.com\/es\/wp-json\/wp\/v2\/users\/1"}],"replies":[{"embeddable":true,"href":"https:\/\/www.laragazzacolmattarello.com\/es\/wp-json\/wp\/v2\/comments?post=501"}],"version-history":[{"count":13,"href":"https:\/\/www.laragazzacolmattarello.com\/es\/wp-json\/wp\/v2\/posts\/501\/revisions"}],"predecessor-version":[{"id":506,"href":"https:\/\/www.laragazzacolmattarello.com\/es\/wp-json\/wp\/v2\/posts\/501\/revisions\/506"}],"wp:featuredmedia":[{"embeddable":true,"href":"https:\/\/www.laragazzacolmattarello.com\/es\/wp-json\/wp\/v2\/media\/496"}],"wp:attachment":[{"href":"https:\/\/www.laragazzacolmattarello.com\/es\/wp-json\/wp\/v2\/media?parent=501"}],"wp:term":[{"taxonomy":"category","embeddable":true,"href":"https:\/\/www.laragazzacolmattarello.com\/es\/wp-json\/wp\/v2\/categories?post=501"},{"taxonomy":"post_tag","embeddable":true,"href":"https:\/\/www.laragazzacolmattarello.com\/es\/wp-json\/wp\/v2\/tags?post=501"}],"curies":[{"name":"wp","href":"https:\/\/api.w.org\/{rel}","templated":true}]}}